{"id":262316,"date":"2026-08-27T13:26:11","date_gmt":"2026-08-27T13:26:11","guid":{"rendered":"https:\/\/www.europesays.com\/ee\/262316\/"},"modified":"2026-08-27T13:26:11","modified_gmt":"2026-08-27T13:26:11","slug":"eesti-suurim-muinastulede-pidu-tuleb-taas-tahtsime-kokku-panna-ohtu-kus-laval-pole-lihtsalt-kolm-artisti","status":"publish","type":"post","link":"https:\/\/www.europesays.com\/ee\/262316\/","title":{"rendered":"Eesti suurim muinastulede pidu tuleb taas! \u201eTahtsime kokku panna \u00f5htu, kus laval pole lihtsalt kolm artisti\u201c"},"content":{"rendered":"<p>Augusti l\u00f5pp t\u00e4hendab k\u00fcll suve viimaseid p\u00e4evi, kuid enne s\u00fcgisele vastu minemist saab Haven Kakum\u00e4el veel \u00fche korraliku suve\u00f5htu maha pidada. Muinastulede \u00d6\u00d6 toob kokku kolm v\u00e4ga erinevat, kuid Eesti publiku poolt armastatud esinejat.<\/p>\n<p>\u00d5htu avab Anne Veski, kelle laulud on saatnud mitut p\u00f5lvkonda ning kelle kontsertidel laulavad kaasa nii nooremad kui vanemad. Seej\u00e4rel v\u00f5tab lava \u00fcle Shanon, kelle repertuaarist leiab hulgaliselt viimaste aastate tuntud Eesti pop- ja rokihitte. \u00d5htu l\u00f5petab Terminaator \u2013 ansambel, kelle laulud on olnud Eesti muusikapildis juba aastak\u00fcmneid ning kelle kontserdid on tuntud oma v\u00f5imsa publiku kaasaelamise poolest.<\/p>\n<p>Muinastulede \u00d6\u00d6 m\u00f5te on tuua inimesed veel enne suve l\u00f5ppu kokku \u2013 mere \u00e4\u00e4rde, hea muusika ja s\u00f5prade seltsi. Haven Kakum\u00e4e jahisadam annab selleks tavap\u00e4rasest kontserdipaigast erineva atmosf\u00e4\u00e4ri: \u00fchelt poolt meri ja sadam, teisalt suur elling, kus toimub kogu kontsertprogramm.<\/p>\n<p>Mere\u00e4\u00e4rne kontsert toimub Haven Kakum\u00e4e ellingus katuse all, mist\u00f5ttu ei pea publik muretsema ka heitliku augustiilma p\u00e4rast.<\/p>\n<p>\u201eAugusti l\u00f5pus on Eesti ilm alati natuke loterii. Seet\u00f5ttu on Haven Kakum\u00e4e elling selle \u00fcrituse jaoks ideaalne \u2013 oled mere \u00e4\u00e4res ja saad suve\u00f5htu tunnet nautida, aga samal ajal toimub kogu kontsert katuse all. Vihma ega tuult kartma ei pea,\u201c \u00fctleb \u00fcrituse korraldaja.<\/p>\n<p>Korraldajate soov on teha Muinastulede \u00d6\u00d6st eelk\u00f5ige m\u00f5nus suve l\u00f5petamise pidu, kus \u00fche \u00f5htu jooksul kuuleb v\u00e4ga erinevate p\u00f5lvkondade Eesti hittlugusid.<\/p>\n<p>\u201eAnne Veski, Shanon ja Terminaator on k\u00f5ik t\u00e4iesti erinevad, aga neil on \u00fcks \u00fchine omadus \u2013 publik teab nende lugusid ja laulab kaasa. Tahtsime kokku panna \u00f5htu, kus laval pole lihtsalt kolm artisti, vaid kus meeleolu kasvab esimesest esinejast viimaseni v\u00e4lja.\u201c<\/p>\n<p>V\u00e4ravad Haven Kakum\u00e4el avatakse kell 18.00.<\/p>\n<p>Kuidas see lugu Sind end tundma pani?Saada<a href=\"https:\/\/kroonika.delfi.ee\/artikkel\/120606585\/eesti-suurim-muinastulede-pidu-tuleb-taas-tahtsime-kokku-panna-ohtu-kus-laval-pole-lihtsalt-kolm-artisti\/kommentaarid\" class=\"button button--primary button--size-auto article-body-bottom__comment article-body-bottom__comment--write\" style=\"\" rel=\"nofollow noopener\" target=\"_blank\">Kommenteeri<\/a><a href=\"https:\/\/kroonika.delfi.ee\/artikkel\/120606585\/eesti-suurim-muinastulede-pidu-tuleb-taas-tahtsime-kokku-panna-ohtu-kus-laval-pole-lihtsalt-kolm-artisti\/kommentaarid\" class=\"button button--size-auto article-body-bottom__comment article-body-bottom__comment--read\" style=\"\" rel=\"nofollow noopener\" target=\"_blank\">Loe kommentaare (1)<\/a><\/p>\n","protected":false},"excerpt":{"rendered":"Augusti l\u00f5pp t\u00e4hendab k\u00fcll suve viimaseid p\u00e4evi, kuid enne s\u00fcgisele vastu minemist saab Haven Kakum\u00e4el veel \u00fche korraliku&hellip;\n","protected":false},"author":2,"featured_media":262317,"comment_status":"","ping_status":"","sticky":false,"template":"","format":"standard","meta":{"footnotes":"","_share_on_mastodon":"0"},"categories":[16],"tags":[13887,37,33,35,173,34,36,82620,140,101765,466],"class_list":["post-262316","post","type-post","status-publish","format-standard","has-post-thumbnail","category-meelelahutus","tag-anne-veski","tag-ee","tag-eesti","tag-eesti-keel","tag-entertainment","tag-estonia","tag-estonian","tag-haven-kakumae","tag-meelelahutus","tag-muinastulede-oo","tag-terminaator"],"share_on_mastodon":{"url":"https:\/\/pubeurope.com\/@ee\/117167704279414805","error":""},"_links":{"self":[{"href":"https:\/\/www.europesays.com\/ee\/wp-json\/wp\/v2\/posts\/262316","targetHints":{"allow":["GET"]}}],"collection":[{"href":"https:\/\/www.europesays.com\/ee\/wp-json\/wp\/v2\/posts"}],"about":[{"href":"https:\/\/www.europesays.com\/ee\/wp-json\/wp\/v2\/types\/post"}],"author":[{"embeddable":true,"href":"https:\/\/www.europesays.com\/ee\/wp-json\/wp\/v2\/users\/2"}],"replies":[{"embeddable":true,"href":"https:\/\/www.europesays.com\/ee\/wp-json\/wp\/v2\/comments?post=262316"}],"version-history":[{"count":0,"href":"https:\/\/www.europesays.com\/ee\/wp-json\/wp\/v2\/posts\/262316\/revisions"}],"wp:featuredmedia":[{"embeddable":true,"href":"https:\/\/www.europesays.com\/ee\/wp-json\/wp\/v2\/media\/262317"}],"wp:attachment":[{"href":"https:\/\/www.europesays.com\/ee\/wp-json\/wp\/v2\/media?parent=262316"}],"wp:term":[{"taxonomy":"category","embeddable":true,"href":"https:\/\/www.europesays.com\/ee\/wp-json\/wp\/v2\/categories?post=262316"},{"taxonomy":"post_tag","embeddable":true,"href":"https:\/\/www.europesays.com\/ee\/wp-json\/wp\/v2\/tags?post=262316"}],"curies":[{"name":"wp","href":"https:\/\/api.w.org\/{rel}","templated":true}]}}