{"id":262358,"date":"2026-08-27T14:04:30","date_gmt":"2026-08-27T14:04:30","guid":{"rendered":"https:\/\/www.europesays.com\/ee\/262358\/"},"modified":"2026-08-27T14:04:30","modified_gmt":"2026-08-27T14:04:30","slug":"eesti-firma-rajab-latti-lohkeainetehase-majandus","status":"publish","type":"post","link":"https:\/\/www.europesays.com\/ee\/262358\/","title":{"rendered":"Eesti firma rajab L\u00e4tti l\u00f5hkeainetehase | Majandus"},"content":{"rendered":"<p>Eesti ettev\u00f5te Wolfram Europa teatas 200 miljoni eurosest investeeringust, et rajada L\u00e4tti J\u0113kabpilsi l\u00e4hedale l\u00f5hkeainetehas. Kompleks ehitatakse 40-hektarilisele maa-alale, mille kasutamiseks s\u00f5lmiti pikaajaline leping L\u00e4ti riigimetsafirmaga Latvijas Valsts Me\u017ei.<\/p>\n<p>Alates 2027. aastast hakatakse rajatises kolmes etapis s\u00fcnteesima l\u00f5hkeaineid ning tootma l\u00f5hkep\u00e4id ja t\u00f5kestusvahendeid. T\u00e4isv\u00f5imsusel t\u00f6\u00f6tades loob tehas piirkonda 200 k\u00f5rge kvalifikatsiooniga t\u00f6\u00f6kohta.<\/p>\n<p>&#8220;Selles suurusj\u00e4rgus investeeringud on oluline samm edasi L\u00e4ti kaitset\u00f6\u00f6stuse arengus ja n\u00e4itavad \u00fchtlasi riigi v\u00f5imet meelitada piirkondadesse strateegiliselt t\u00e4htsaid t\u00f6\u00f6stusprojekte. Meie eesm\u00e4rk on rajada L\u00e4tti konkurentsiv\u00f5imeline ja ekspordile suunatud kaitset\u00f6\u00f6stus, mis tugevdab riigi julgeolekut, loob k\u00f5rge lisandv\u00e4\u00e4rtusega t\u00f6\u00f6kohti ning panustab pikaajaliselt majanduskasvu,&#8221; \u00fctles majandusminister Viktors Valainis.<\/p>\n<p>T\u00e4ielikult v\u00e4ljaehitatuna s\u00fcnteesitakse kompleksis 300 tonni RDX-i (purustav l\u00f5hkeaine heksogeen)v\u00f5i 100 tonni HMX-i (oktogeen, heksogeeniga sarnane, kuid veelgi tihedam ja kallim l\u00f5hkeaine), kusjuures tootmisv\u00f5imsust on v\u00f5imalik veelgi laiendada.<\/p>\n<p>Tehases hakkab toimuma ka l\u00f5hkematerjalide valmissegude segamine. Aastas laetakse ning komplekteeritakse 100 000 tankit\u00f5rjemiini ja 200 000 l\u00f5hkepead. Kompleksi mahub kuni 1200 tonni l\u00f5hkeainet (netomass), mis on piisav varu tarnete tagamiseks ka h\u00e4irete ning kriiside ajal.<\/p>\n<p>Wolfram Europa O\u00dc on Eesti kaitset\u00f6\u00f6stusettev\u00f5te, mis tegeleb kaitset\u00f6\u00f6stuse ning teadus- ja arendustegevusega. Ettev\u00f5tte tegevjuhina t\u00f6\u00f6tab Riigi Kaitseinvesteeringute Keskuse (RKIK) endine peadirektor Magnus-Valdemar Saar.<\/p>\n<p>Ettev\u00f5tte suuromanik ja tegelik kasusaaja on Triin Liimask. Lisaks kuulub 24-protsendiline osalus Margus Linnam\u00e4e ettev\u00f5ttele MM Grupp O\u00dc, samuti on v\u00e4ikeomanike hulgas teisi investoreid (nt Sirbi Investeeringud O\u00dc, Giga AS).<\/p>\n<p>Ettev\u00f5te asutati 2025. aasta juulis ning kandis varasemalt nime Wehold O\u00dc. Ettev\u00f5tte omanikering kattub osaliselt kaitset\u00f6\u00f6stusfirmaga Frankenburg Technologies.<\/p>\n","protected":false},"excerpt":{"rendered":"Eesti ettev\u00f5te Wolfram Europa teatas 200 miljoni eurosest investeeringust, et rajada L\u00e4tti J\u0113kabpilsi l\u00e4hedale l\u00f5hkeainetehas. Kompleks ehitatakse 40-hektarilisele&hellip;\n","protected":false},"author":2,"featured_media":262359,"comment_status":"","ping_status":"","sticky":false,"template":"","format":"standard","meta":{"footnotes":"","_share_on_mastodon":"0"},"categories":[5],"tags":[26,27,37,33,35,34,36,31,32,21,2585,28,29,114,10371,19,25,23,24,22,20,30,58129],"class_list":["post-262358","post","type-post","status-publish","format-standard","has-post-thumbnail","category-uldised-uudised","tag-breaking-news","tag-breakingnews","tag-ee","tag-eesti","tag-eesti-keel","tag-estonia","tag-estonian","tag-featured-news","tag-featurednews","tag-headlines","tag-investeering","tag-latest-news","tag-latestnews","tag-lati","tag-lohkeainetehas","tag-news","tag-populaarseimad-lood","tag-top-stories","tag-topstories","tag-uldised-uudised","tag-uudised","tag-viimased-uudised","tag-wolfram-europa"],"share_on_mastodon":{"url":"https:\/\/pubeurope.com\/@ee\/117167853684214092","error":""},"_links":{"self":[{"href":"https:\/\/www.europesays.com\/ee\/wp-json\/wp\/v2\/posts\/262358","targetHints":{"allow":["GET"]}}],"collection":[{"href":"https:\/\/www.europesays.com\/ee\/wp-json\/wp\/v2\/posts"}],"about":[{"href":"https:\/\/www.europesays.com\/ee\/wp-json\/wp\/v2\/types\/post"}],"author":[{"embeddable":true,"href":"https:\/\/www.europesays.com\/ee\/wp-json\/wp\/v2\/users\/2"}],"replies":[{"embeddable":true,"href":"https:\/\/www.europesays.com\/ee\/wp-json\/wp\/v2\/comments?post=262358"}],"version-history":[{"count":0,"href":"https:\/\/www.europesays.com\/ee\/wp-json\/wp\/v2\/posts\/262358\/revisions"}],"wp:featuredmedia":[{"embeddable":true,"href":"https:\/\/www.europesays.com\/ee\/wp-json\/wp\/v2\/media\/262359"}],"wp:attachment":[{"href":"https:\/\/www.europesays.com\/ee\/wp-json\/wp\/v2\/media?parent=262358"}],"wp:term":[{"taxonomy":"category","embeddable":true,"href":"https:\/\/www.europesays.com\/ee\/wp-json\/wp\/v2\/categories?post=262358"},{"taxonomy":"post_tag","embeddable":true,"href":"https:\/\/www.europesays.com\/ee\/wp-json\/wp\/v2\/tags?post=262358"}],"curies":[{"name":"wp","href":"https:\/\/api.w.org\/{rel}","templated":true}]}}