{"id":262398,"date":"2026-08-27T14:55:20","date_gmt":"2026-08-27T14:55:20","guid":{"rendered":"https:\/\/www.europesays.com\/ee\/262398\/"},"modified":"2026-08-27T14:55:20","modified_gmt":"2026-08-27T14:55:20","slug":"bunker-partner-loi-kaks-varavat-aga-sai-meistrite-liigas-teise-kaotuse-soccernet-ee","status":"publish","type":"post","link":"https:\/\/www.europesays.com\/ee\/262398\/","title":{"rendered":"Bunker Partner l\u00f5i kaks v\u00e4ravat, aga sai Meistrite liigas teise kaotuse &#8211; Soccernet.ee"},"content":{"rendered":"<p><img decoding=\"async\" src=\"https:\/\/www.europesays.com\/ee\/wp-content\/uploads\/2026\/08\/1787838650.jpg\" alt=\"Bunker Partneri avav\u00e4rava autor Denis Vnukov (palliga). Foto: Liisi Troska \/ jalgpall.ee\"\/>&#13;\n<\/p>\n<p>Tallinna FC Bunker Partner sai Meistrite liiga eelringis teise kaotuse, j\u00e4\u00e4des 2:7 alla Saksamaa meistrile\u00a0TSV Weilimdorfile.<\/p>\n<p>Sarnaselt eilsele avakohtumisele j\u00e4i Bunker ka t\u00e4na juba avaminutil kaotusseisu. Kaheksandal minutil suurendas Weilimdorf eduseisu ning 2:0 seisult mindi ka poolajapausile.\u00a0Teise poolaja alguses alustas Saksamaa klubi taas teravamalt ning 25. minuti alguses kasvatas eduseisu kolmev\u00e4ravaliseks. Seej\u00e4rel tabas sama m\u00e4ngija kolme minuti jooksul veel kolmel korral, viies enda v\u00e4ravasaldo nelja ja meeskonna edu kuue v\u00e4ravani. Vastane l\u00f5i oma viimase tabamuse 34. minutil, kirjutab <a href=\"https:\/\/jalgpall.ee\/voistlused\/uudised\/bunker-partner-loi-kaks-varavat-kuid-jai-saksamaa-meistrile-alla-n26321?siteacc=events\" target=\"https:\/\/jalgpall.ee\/voistlused\/uudised\/bunker-partner-loi-kaks-varavat-kuid-jai-saksamaa-meistrile-alla-n26321?siteacc=events\" rel=\"nofollow noopener\">jalgpall.ee<\/a>.&#13;\n<\/p>\n<p>M\u00e4ngu l\u00f5pus j\u00f5udis kaks korda sihile ka Bunker. 35. minutil l\u00f5i eestlaste esimese v\u00e4rava Denis Vnukov, kelle tabamusele tegi eelt\u00f6\u00f6 Keiber Quevedo. Enne Bunkeri teist tabamust teenis Weilimdorf penalti, kuid Eesti klubi v\u00e4ravavaht t\u00f5rjus l\u00f6\u00f6gi. Kohtumise l\u00f5pptulemuse vormistasid taas Vnukov ja Quevedo, kuid seekord vastupidistes rollides: Quevedo l\u00f5i v\u00e4rava Vnukovi s\u00f6\u00f6dust seitse sekundit enne l\u00f5puvilet.&#13;\n<\/p>\n<p>Lisaks TSV Weilimdorfile kuuluvad Bunkeriga samasse alagruppi Armeenia meister Unisport FC ja Islandi klubi KM Reykjavik. Eilises avam\u00e4ngus j\u00e4i Eesti meister Unisport FC-le alla 1:5. Bunkeri turniiri viimane kohtumine toimub laup\u00e4eval, 29. augustil, kui vastamisi minnakse KM Reykjavikiga.<\/p>\n<p>Turniiri ajakava (Eesti aja j\u00e4rgi):&#13;\n<\/p>\n<p>26. august kell 14.00: TSV Weilimdorf \u2013 KM Reykjavik 13:1<br \/>&#13;<br \/>\n26. august kell 18.00: Tallinna FC Bunker Partner \u2013 Unisport FC 1:5<br \/>&#13;<br \/>\n27. august kell 14.00: Tallinna FC Bunker Partner \u2013 TSV Weilimdorf 2:7<br \/>&#13;<br \/>\n27. august kell 18.00: Unisport FC \u2013 KM Reykjavik<br \/>&#13;<br \/>\n29. august kell 13.00: KM Reykjavik \u2013 Tallinna FC Bunker Partner<br \/>&#13;<br \/>\n29. august kell 17.00: Unisport FC \u2013 TSV Weilimdorf&#13;<\/p>\n","protected":false},"excerpt":{"rendered":"&#13; Tallinna FC Bunker Partner sai Meistrite liiga eelringis teise kaotuse, j\u00e4\u00e4des 2:7 alla Saksamaa meistrile\u00a0TSV Weilimdorfile. Sarnaselt&hellip;\n","protected":false},"author":2,"featured_media":262399,"comment_status":"","ping_status":"","sticky":false,"template":"","format":"standard","meta":{"footnotes":"","_share_on_mastodon":"0"},"categories":[18],"tags":[8206,37,33,35,34,36,4012,101594,159,158,37023,101796,101797],"class_list":["post-262398","post","type-post","status-publish","format-standard","has-post-thumbnail","category-sport","tag-bunker-partner","tag-ee","tag-eesti","tag-eesti-keel","tag-estonia","tag-estonian","tag-saalijalgpall","tag-saalijalgpalli-meistrite","tag-sport","tag-sports","tag-tallinna-bunker-partner","tag-tsv-weilimdorf","tag-weilimdorf"],"share_on_mastodon":{"url":"https:\/\/pubeurope.com\/@ee\/117168054728372264","error":""},"_links":{"self":[{"href":"https:\/\/www.europesays.com\/ee\/wp-json\/wp\/v2\/posts\/262398","targetHints":{"allow":["GET"]}}],"collection":[{"href":"https:\/\/www.europesays.com\/ee\/wp-json\/wp\/v2\/posts"}],"about":[{"href":"https:\/\/www.europesays.com\/ee\/wp-json\/wp\/v2\/types\/post"}],"author":[{"embeddable":true,"href":"https:\/\/www.europesays.com\/ee\/wp-json\/wp\/v2\/users\/2"}],"replies":[{"embeddable":true,"href":"https:\/\/www.europesays.com\/ee\/wp-json\/wp\/v2\/comments?post=262398"}],"version-history":[{"count":0,"href":"https:\/\/www.europesays.com\/ee\/wp-json\/wp\/v2\/posts\/262398\/revisions"}],"wp:featuredmedia":[{"embeddable":true,"href":"https:\/\/www.europesays.com\/ee\/wp-json\/wp\/v2\/media\/262399"}],"wp:attachment":[{"href":"https:\/\/www.europesays.com\/ee\/wp-json\/wp\/v2\/media?parent=262398"}],"wp:term":[{"taxonomy":"category","embeddable":true,"href":"https:\/\/www.europesays.com\/ee\/wp-json\/wp\/v2\/categories?post=262398"},{"taxonomy":"post_tag","embeddable":true,"href":"https:\/\/www.europesays.com\/ee\/wp-json\/wp\/v2\/tags?post=262398"}],"curies":[{"name":"wp","href":"https:\/\/api.w.org\/{rel}","templated":true}]}}