{"id":262408,"date":"2026-08-27T15:09:36","date_gmt":"2026-08-27T15:09:36","guid":{"rendered":"https:\/\/www.europesays.com\/ee\/262408\/"},"modified":"2026-08-27T15:09:36","modified_gmt":"2026-08-27T15:09:36","slug":"viljandi-abilinnapea-lahkus-ekre-st-fraktsiooni-juht-sugava-ohkega-eks-tema-jatkamine-soltub-ekre-juhtpoliitikutest","status":"publish","type":"post","link":"https:\/\/www.europesays.com\/ee\/262408\/","title":{"rendered":"Viljandi abilinnapea lahkus EKRE-st. Fraktsiooni juht s\u00fcgava ohkega: eks tema j\u00e4tkamine s\u00f5ltub EKRE juhtpoliitikutest"},"content":{"rendered":"<p>\u201e\u00dcritame j\u00e4tkata nii, nagu hetkel olukord on,\u201c lausus Viljandi linnavolikogu aseesimees, EKRE saadikur\u00fchma juht Kaido Kivisild. Seej\u00e4rel ohkas ta raskelt. \u201eEks ta s\u00f5ltub EKRE juhtpoliitikutest ja natuke Viljandi osakonna otsustest ja asjadest.\u201c<\/p>\n<p>Seni pole tema s\u00f5nul EKRE juhtladvikust signaale tulnud. EKRE esimehe <a rel=\"noopener nofollow\" target=\"_blank\" href=\"https:\/\/www.delfi.ee\/teema\/26352221\/martin-helme\" tag-id=\"26352221\">Martin Helmega<\/a> ei \u00f5nnestunud Delfil uudise ilmumise ajaks \u00fchendust saada. Samuti ei \u00f5nnestunud kommentaari saada EKRE Viljandi linna osakonnalt.<\/p>\n<p>Viljandis on v\u00f5imul <a rel=\"noopener nofollow\" target=\"_blank\" href=\"https:\/\/www.delfi.ee\/teema\/71040879\/isamaa\" tag-id=\"71040879\">Isamaa<\/a> ja EKRE. Neil on volikogus napp enamus \u00fche h\u00e4\u00e4lega. Isamaa on Kivisilla s\u00f5nul kinnitanud, et Takkel v\u00f5ib abilinnapeana j\u00e4tkata. \u201eLoodame, et l\u00e4heb ka nii edasi,\u201c lausus Kivisild.<\/p>\n<p>Linnapea: pole p\u00f5hjust ametist vabastada<\/p>\n<p>Viljandi linnapea Jaak Pihlak (Isamaa) \u00fctles, et koalitsioon toimib h\u00e4sti ning selle tervisel pole midagi viga. Tema s\u00f5nul pole p\u00f5hust Takkelit abilinnapea ametist vabastada. <\/p>\n<p>Pihlaku arvates on tavaline, et poliitikud astuvad erakonnast v\u00e4lja v\u00f5i l\u00e4hevad teise erakonda. \u201eInimesel on alati see \u00f5igus ja v\u00f5imalus olemas,\u201c \u00fctles ta. <\/p>\n<p>Seni, kuni omavaheline koost\u00f6\u00f6 laabub, pole Pihlaku hinnangul mingit probleemi. \u201eKuidas nemad omavahel seal EKRE-s seda probleemi lahendavad, see on nende k\u00fcsimus,\u201c m\u00e4rkis ta. \u201c\u00dcleriigiline ja Viljandi poliitika on m\u00f5nes m\u00f5ttes erinevad.\u201c<\/p>\n<p>Kas Pihlak on Takkelit ehk Isamaa erakonda kutsunud? \u201eInimesel on endal \u00f5igus otsustada, mis ta teeb,\u201c vastas linnapea. \u201eMa arvan, et ta ei astu praegu kuskile.\u201c<\/p>\n<p>Helme ja Takkeli vahel algasid h\u00f5\u00f5rdumised sel suvel. <a rel=\"noopener follow nofollow\" target=\"_blank\" href=\"https:\/\/sakala.postimees.ee\/8486966\/ekre-juht-martin-helme-kangutab-viljandi-abilinnapead-ametist\" data-rel-date-range=\"[]\">10. juunil kajastas v\u00e4ljaanne Sakala,<\/a> et Martin Helme kangutab Takkelit abilinnapea ametist, kuna Helme hinnangul oleks Viljandi haldusameti juhiks pidanud saama \u201eoma inimene\u201c Urmet Elmaste, kuid n\u00f5nda ei l\u00e4inud.<\/p>\n<p>Silvia Takkelit ei \u00f5nnetunud Delfil uudise ilmumise ajaks tabada.<\/p>\n<p>Kuidas see lugu Sind end tundma pani?Saada<a href=\"https:\/\/www.delfi.ee\/artikkel\/120606431\/viljandi-abilinnapea-lahkus-ekre-st-fraktsiooni-juht-sugava-ohkega-eks-tema-jatkamine-soltub-ekre-juhtpoliitikutest\/kommentaarid\" class=\"button button--primary button--size-auto article-body-bottom__comment article-body-bottom__comment--write\" style=\"\" rel=\"nofollow noopener\" target=\"_blank\">Kommenteeri<\/a><a href=\"https:\/\/www.delfi.ee\/artikkel\/120606431\/viljandi-abilinnapea-lahkus-ekre-st-fraktsiooni-juht-sugava-ohkega-eks-tema-jatkamine-soltub-ekre-juhtpoliitikutest\/kommentaarid\" class=\"button button--size-auto article-body-bottom__comment article-body-bottom__comment--read\" style=\"\" rel=\"nofollow noopener\" target=\"_blank\">Loe kommentaare (59)<\/a><\/p>\n","protected":false},"excerpt":{"rendered":"\u201e\u00dcritame j\u00e4tkata nii, nagu hetkel olukord on,\u201c lausus Viljandi linnavolikogu aseesimees, EKRE saadikur\u00fchma juht Kaido Kivisild. Seej\u00e4rel ohkas&hellip;\n","protected":false},"author":2,"featured_media":262409,"comment_status":"","ping_status":"","sticky":false,"template":"","format":"standard","meta":{"footnotes":"","_share_on_mastodon":"0"},"categories":[12],"tags":[26,27,37,33,35,729,34,36,31,32,21,731,28,29,725,19,25,23,24,22,20,30,986],"class_list":["post-262408","post","type-post","status-publish","format-standard","has-post-thumbnail","category-eesti","tag-breaking-news","tag-breakingnews","tag-ee","tag-eesti","tag-eesti-keel","tag-ekre","tag-estonia","tag-estonian","tag-featured-news","tag-featurednews","tag-headlines","tag-isamaa","tag-latest-news","tag-latestnews","tag-martin-helme","tag-news","tag-populaarseimad-lood","tag-top-stories","tag-topstories","tag-uldised-uudised","tag-uudised","tag-viimased-uudised","tag-viljandi"],"share_on_mastodon":{"url":"https:\/\/pubeurope.com\/@ee\/117168109191952628","error":""},"_links":{"self":[{"href":"https:\/\/www.europesays.com\/ee\/wp-json\/wp\/v2\/posts\/262408","targetHints":{"allow":["GET"]}}],"collection":[{"href":"https:\/\/www.europesays.com\/ee\/wp-json\/wp\/v2\/posts"}],"about":[{"href":"https:\/\/www.europesays.com\/ee\/wp-json\/wp\/v2\/types\/post"}],"author":[{"embeddable":true,"href":"https:\/\/www.europesays.com\/ee\/wp-json\/wp\/v2\/users\/2"}],"replies":[{"embeddable":true,"href":"https:\/\/www.europesays.com\/ee\/wp-json\/wp\/v2\/comments?post=262408"}],"version-history":[{"count":0,"href":"https:\/\/www.europesays.com\/ee\/wp-json\/wp\/v2\/posts\/262408\/revisions"}],"wp:featuredmedia":[{"embeddable":true,"href":"https:\/\/www.europesays.com\/ee\/wp-json\/wp\/v2\/media\/262409"}],"wp:attachment":[{"href":"https:\/\/www.europesays.com\/ee\/wp-json\/wp\/v2\/media?parent=262408"}],"wp:term":[{"taxonomy":"category","embeddable":true,"href":"https:\/\/www.europesays.com\/ee\/wp-json\/wp\/v2\/categories?post=262408"},{"taxonomy":"post_tag","embeddable":true,"href":"https:\/\/www.europesays.com\/ee\/wp-json\/wp\/v2\/tags?post=262408"}],"curies":[{"name":"wp","href":"https:\/\/api.w.org\/{rel}","templated":true}]}}