{"id":262418,"date":"2026-08-27T15:28:32","date_gmt":"2026-08-27T15:28:32","guid":{"rendered":"https:\/\/www.europesays.com\/ee\/262418\/"},"modified":"2026-08-27T15:28:32","modified_gmt":"2026-08-27T15:28:32","slug":"memo-sahtli-vorku-libistati-esimene-varav-aga-tammeka-lustis-taas-halastamatult-flora-kulul-soccernet-ee-2","status":"publish","type":"post","link":"https:\/\/www.europesays.com\/ee\/262418\/","title":{"rendered":"Memo | Sahtli v\u00f5rku libistati esimene v\u00e4rav, aga Tammeka lustis taas halastamatult Flora kulul &#8211; Soccernet.ee"},"content":{"rendered":"<p>\n                                                                        maalt_mats<br \/>\n                                                                    8h\n                    <\/p>\n<p>\n                      Florat see ei lohuta ja Tammeka v\u00f5idu v\u00e4\u00e4rtust ei v\u00e4henda, aga mis on imelikku selles, kui tabeli kolmas kaotab v\u00f5\u00f5rsil tabeli viiendale? Nagu Voolaid \u00fctles, liiga on v\u00e4ga v\u00f5rdne ja seet\u00f5ttu p\u00f5nev (va Levadia, kes on omas kategoorias).<br \/>Teine eilne m\u00e4ng, kus tabeli teine kaotas tabeli viimasele, k\u00fcll karikas, j\u00e4i Tammeka-Flora m\u00e4ngu t\u00f5ttu suuresti t\u00e4helepanuta. Kuigi m\u00e4ngus oli palju.\n                    <\/p>\n","protected":false},"excerpt":{"rendered":"maalt_mats 8h Florat see ei lohuta ja Tammeka v\u00f5idu v\u00e4\u00e4rtust ei v\u00e4henda, aga mis on imelikku selles, kui&hellip;\n","protected":false},"author":2,"featured_media":262419,"comment_status":"","ping_status":"","sticky":false,"template":"","format":"standard","meta":{"footnotes":"","_share_on_mastodon":"0"},"categories":[18],"tags":[37,33,35,34,36,163,837,167,159,158,1465,700,701,249,1728,702],"class_list":["post-262418","post","type-post","status-publish","format-standard","has-post-thumbnail","category-sport","tag-ee","tag-eesti","tag-eesti-keel","tag-estonia","tag-estonian","tag-flora","tag-meistriliiga","tag-premium-liiga","tag-sport","tag-sports","tag-tallinna-fc-flora","tag-tallinna-flora","tag-tammeka","tag-tartu","tag-tartu-jk-tammeka","tag-tartu-tammeka"],"share_on_mastodon":{"url":"https:\/\/pubeurope.com\/@ee\/117168184075902719","error":""},"_links":{"self":[{"href":"https:\/\/www.europesays.com\/ee\/wp-json\/wp\/v2\/posts\/262418","targetHints":{"allow":["GET"]}}],"collection":[{"href":"https:\/\/www.europesays.com\/ee\/wp-json\/wp\/v2\/posts"}],"about":[{"href":"https:\/\/www.europesays.com\/ee\/wp-json\/wp\/v2\/types\/post"}],"author":[{"embeddable":true,"href":"https:\/\/www.europesays.com\/ee\/wp-json\/wp\/v2\/users\/2"}],"replies":[{"embeddable":true,"href":"https:\/\/www.europesays.com\/ee\/wp-json\/wp\/v2\/comments?post=262418"}],"version-history":[{"count":0,"href":"https:\/\/www.europesays.com\/ee\/wp-json\/wp\/v2\/posts\/262418\/revisions"}],"wp:featuredmedia":[{"embeddable":true,"href":"https:\/\/www.europesays.com\/ee\/wp-json\/wp\/v2\/media\/262419"}],"wp:attachment":[{"href":"https:\/\/www.europesays.com\/ee\/wp-json\/wp\/v2\/media?parent=262418"}],"wp:term":[{"taxonomy":"category","embeddable":true,"href":"https:\/\/www.europesays.com\/ee\/wp-json\/wp\/v2\/categories?post=262418"},{"taxonomy":"post_tag","embeddable":true,"href":"https:\/\/www.europesays.com\/ee\/wp-json\/wp\/v2\/tags?post=262418"}],"curies":[{"name":"wp","href":"https:\/\/api.w.org\/{rel}","templated":true}]}}