{"id":262436,"date":"2026-08-27T16:03:14","date_gmt":"2026-08-27T16:03:14","guid":{"rendered":"https:\/\/www.europesays.com\/ee\/262436\/"},"modified":"2026-08-27T16:03:14","modified_gmt":"2026-08-27T16:03:14","slug":"suri-genotsiidis-suudi-moistetud-bosnia-serblaste-kindral-ratko-mladic","status":"publish","type":"post","link":"https:\/\/www.europesays.com\/ee\/262436\/","title":{"rendered":"Suri genotsiidis s\u00fc\u00fcdi m\u00f5istetud Bosnia serblaste kindral Ratko Mladi\u0107"},"content":{"rendered":"<p>\u201eBosnia lihunikuna\u201c tuntud Mladi\u0107 oli elukutseline s\u00f5dur, kes sai p\u00e4rast Jugoslaavia lagunemist Bosnias asuva eraldunud Serbia Vabariigi armee peastaabi \u00fclemaks, vahendab CNN. Armeed toetas ja relvastas Serbia juht Slobodan Milo\u0161evi\u0107. Mladi\u0107 m\u00f5isteti s\u00fc\u00fcdi k\u00fcll mitmetes julmustes, kuid k\u00f5ige tuntumad neist on Sarajevo piiramine ja Srebrenica veresaun.<\/p>\n<p>1992. aastal piirasid Bosnia serblaste v\u00e4ed Mladi\u0107i juhtimisel \u00fcmber Sarajevo linna, v\u00f5ttes sisse positsioonid \u00fcmbritsevatel k\u00f5rgendikel. Nad hoidsid linnaelanikke ligi neli aastat orus l\u00f5ksus, korraldades tsiviilisikute vastu sagedasi suurt\u00fckitule- ja snaiprir\u00fcnnakuid. Piiramise k\u00e4igus hukkus \u00fcle 10 000 inimese, kellest paljud olid lapsed.<\/p>\n<p>1995. aasta juulis juhtis Mladi\u0107 r\u00fcnnakut \u00dcRO poolt turvatsooniks kuulutatud Srebrenica moslemite enklaavile. Seal toimunud veresaun on endiselt Euroopa r\u00e4ngim julmustegu p\u00e4rast Teist maailmas\u00f5da. M\u00f5ne p\u00e4eva jooksul tapeti seal \u00fcle 7000 moslemi, kellest enamik olid mehed ja poisid.<\/p>\n<p>Mladi\u0107 m\u00f5isteti 2017. aastal \u00dcRO loodud Endise Jugoslaavia Rahvusvahelise Kriminaalkohtu (ICTY) poolt s\u00fc\u00fcdi Bosnia mitteserblastest elanikkonna vastu suunatud etnilise puhastuse kampaania organiseerimises. <\/p>\n<p>Kohus leidis, et see kampaania h\u00f5lmas genotsiidi, inimsusevastaseid kuritegusid, tagakiusamist, h\u00e4vitamist, m\u00f5rvu, terrorismi, tsiviilisikutevastaseid ebaseaduslikke r\u00fcnnakuid ja pantvangide v\u00f5tmist.<\/p>\n<p>Mehe advokaadid esitasid eelmisel n\u00e4dalal Haagile humanitaarsetel p\u00f5hjustel ennet\u00e4htaegse vabastamise taotluse. Advokaadid olid tsiteerinud kinnipidamiskeskuse arste, kelle s\u00f5nul oli mehe seisund kiiresti halvenenud ja nad hoiatasid peatse surma eest. Taotlus l\u00fckati tagasi.<\/p>\n<p>Kuidas see lugu Sind end tundma pani?Saada<a href=\"https:\/\/www.delfi.ee\/artikkel\/120606610\/suri-genotsiidis-suudi-moistetud-bosnia-serblaste-kindral-ratko-mladic\/kommentaarid\" class=\"button button--primary button--size-auto article-body-bottom__comment article-body-bottom__comment--write\" style=\"\" rel=\"nofollow noopener\" target=\"_blank\">Kommenteeri<\/a><a href=\"https:\/\/www.delfi.ee\/artikkel\/120606610\/suri-genotsiidis-suudi-moistetud-bosnia-serblaste-kindral-ratko-mladic\/kommentaarid\" class=\"button button--size-auto article-body-bottom__comment article-body-bottom__comment--read\" style=\"\" rel=\"nofollow noopener\" target=\"_blank\">Loe kommentaare (36)<\/a><\/p>\n","protected":false},"excerpt":{"rendered":"\u201eBosnia lihunikuna\u201c tuntud Mladi\u0107 oli elukutseline s\u00f5dur, kes sai p\u00e4rast Jugoslaavia lagunemist Bosnias asuva eraldunud Serbia Vabariigi armee&hellip;\n","protected":false},"author":2,"featured_media":262437,"comment_status":"","ping_status":"","sticky":false,"template":"","format":"standard","meta":{"footnotes":"","_share_on_mastodon":"0"},"categories":[80],"tags":[20601,26,27,37,33,35,34,36,31,32,1239,21,28,29,95,19,25,23,24,22,795,20,30,92,93,94],"class_list":["post-262436","post","type-post","status-publish","format-standard","has-post-thumbnail","category-maailm","tag-bosnia-soda","tag-breaking-news","tag-breakingnews","tag-ee","tag-eesti","tag-eesti-keel","tag-estonia","tag-estonian","tag-featured-news","tag-featurednews","tag-genotsiid","tag-headlines","tag-latest-news","tag-latestnews","tag-maailm","tag-news","tag-populaarseimad-lood","tag-top-stories","tag-topstories","tag-uldised-uudised","tag-uro","tag-uudised","tag-viimased-uudised","tag-world","tag-world-news","tag-worldnews"],"share_on_mastodon":{"url":"https:\/\/pubeurope.com\/@ee\/117168321786212386","error":""},"_links":{"self":[{"href":"https:\/\/www.europesays.com\/ee\/wp-json\/wp\/v2\/posts\/262436","targetHints":{"allow":["GET"]}}],"collection":[{"href":"https:\/\/www.europesays.com\/ee\/wp-json\/wp\/v2\/posts"}],"about":[{"href":"https:\/\/www.europesays.com\/ee\/wp-json\/wp\/v2\/types\/post"}],"author":[{"embeddable":true,"href":"https:\/\/www.europesays.com\/ee\/wp-json\/wp\/v2\/users\/2"}],"replies":[{"embeddable":true,"href":"https:\/\/www.europesays.com\/ee\/wp-json\/wp\/v2\/comments?post=262436"}],"version-history":[{"count":0,"href":"https:\/\/www.europesays.com\/ee\/wp-json\/wp\/v2\/posts\/262436\/revisions"}],"wp:featuredmedia":[{"embeddable":true,"href":"https:\/\/www.europesays.com\/ee\/wp-json\/wp\/v2\/media\/262437"}],"wp:attachment":[{"href":"https:\/\/www.europesays.com\/ee\/wp-json\/wp\/v2\/media?parent=262436"}],"wp:term":[{"taxonomy":"category","embeddable":true,"href":"https:\/\/www.europesays.com\/ee\/wp-json\/wp\/v2\/categories?post=262436"},{"taxonomy":"post_tag","embeddable":true,"href":"https:\/\/www.europesays.com\/ee\/wp-json\/wp\/v2\/tags?post=262436"}],"curies":[{"name":"wp","href":"https:\/\/api.w.org\/{rel}","templated":true}]}}