{"id":262444,"date":"2026-08-27T16:14:17","date_gmt":"2026-08-27T16:14:17","guid":{"rendered":"https:\/\/www.europesays.com\/ee\/262444\/"},"modified":"2026-08-27T16:14:17","modified_gmt":"2026-08-27T16:14:17","slug":"prantsusmaal-soitis-rahva-sekka-soiduauto-uks-inimene-hukkus-ja-10-sai-vigastada","status":"publish","type":"post","link":"https:\/\/www.europesays.com\/ee\/262444\/","title":{"rendered":"Prantsusmaal s\u00f5itis rahva sekka s\u00f5iduauto, \u00fcks inimene hukkus ja 10 sai vigastada"},"content":{"rendered":"<p>\u201e<a rel=\"noopener nofollow\" target=\"_blank\" href=\"https:\/\/www.delfi.ee\/teema\/59734146\/runnak\" tag-id=\"59734146\">R\u00fcnnaku<\/a> tagaj\u00e4rjed on rasked: \u00fcks inimene on hukkunud, seitse inimest on eluohtlikus seisus ning kolm raskes, kuid mitte kriitilises seisus,\u201c kommenteeris juhtunut Reutersile Calvadosi departemangu prefekt David Claviere.<\/p>\n<p>R\u00fcnnaku toimepanija peeti kinni ning on algatatud uurimine. Esialgsetel andmetel on tegu Venemaal s\u00fcndinud mehega, kes oli julgeolekuteenistustele tundmatu.<\/p>\n<p>Sotsiaalmeedias leviva info kohaselt on kurjategija n\u00e4ol tegu Ibrahimi nimelise 26-aastase afganistaani rahvusest mehega, kes on p\u00e4rit Venemaalt.<\/p>\n<p>Seni pole veel selge, mis oli kurjategija motiiv.<\/p>\n<p>Kuidas see lugu Sind end tundma pani?Saada<a href=\"https:\/\/www.delfi.ee\/artikkel\/120606498\/prantsusmaal-soitis-rahva-sekka-soiduauto-1-inimene-hukkus-ja-10-sai-vigastada\/kommentaarid\" class=\"button button--primary button--size-auto article-body-bottom__comment article-body-bottom__comment--write\" style=\"\" rel=\"nofollow noopener\" target=\"_blank\">Kommenteeri<\/a><a href=\"https:\/\/www.delfi.ee\/artikkel\/120606498\/prantsusmaal-soitis-rahva-sekka-soiduauto-1-inimene-hukkus-ja-10-sai-vigastada\/kommentaarid\" class=\"button button--size-auto article-body-bottom__comment article-body-bottom__comment--read\" style=\"\" rel=\"nofollow noopener\" target=\"_blank\">Loe kommentaare (12)<\/a><\/p>\n","protected":false},"excerpt":{"rendered":"\u201eR\u00fcnnaku tagaj\u00e4rjed on rasked: \u00fcks inimene on hukkunud, seitse inimest on eluohtlikus seisus ning kolm raskes, kuid mitte&hellip;\n","protected":false},"author":2,"featured_media":262445,"comment_status":"","ping_status":"","sticky":false,"template":"","format":"standard","meta":{"footnotes":"","_share_on_mastodon":"0"},"categories":[80],"tags":[26,27,37,33,35,34,36,31,32,21,28,29,95,19,25,52,762,21016,23,24,22,20,30,92,93,94],"class_list":["post-262444","post","type-post","status-publish","format-standard","has-post-thumbnail","category-maailm","tag-breaking-news","tag-breakingnews","tag-ee","tag-eesti","tag-eesti-keel","tag-estonia","tag-estonian","tag-featured-news","tag-featurednews","tag-headlines","tag-latest-news","tag-latestnews","tag-maailm","tag-news","tag-populaarseimad-lood","tag-prantsusmaa","tag-runnak","tag-terrorirunnak","tag-top-stories","tag-topstories","tag-uldised-uudised","tag-uudised","tag-viimased-uudised","tag-world","tag-world-news","tag-worldnews"],"share_on_mastodon":{"url":"https:\/\/pubeurope.com\/@ee\/117168364780384481","error":""},"_links":{"self":[{"href":"https:\/\/www.europesays.com\/ee\/wp-json\/wp\/v2\/posts\/262444","targetHints":{"allow":["GET"]}}],"collection":[{"href":"https:\/\/www.europesays.com\/ee\/wp-json\/wp\/v2\/posts"}],"about":[{"href":"https:\/\/www.europesays.com\/ee\/wp-json\/wp\/v2\/types\/post"}],"author":[{"embeddable":true,"href":"https:\/\/www.europesays.com\/ee\/wp-json\/wp\/v2\/users\/2"}],"replies":[{"embeddable":true,"href":"https:\/\/www.europesays.com\/ee\/wp-json\/wp\/v2\/comments?post=262444"}],"version-history":[{"count":0,"href":"https:\/\/www.europesays.com\/ee\/wp-json\/wp\/v2\/posts\/262444\/revisions"}],"wp:featuredmedia":[{"embeddable":true,"href":"https:\/\/www.europesays.com\/ee\/wp-json\/wp\/v2\/media\/262445"}],"wp:attachment":[{"href":"https:\/\/www.europesays.com\/ee\/wp-json\/wp\/v2\/media?parent=262444"}],"wp:term":[{"taxonomy":"category","embeddable":true,"href":"https:\/\/www.europesays.com\/ee\/wp-json\/wp\/v2\/categories?post=262444"},{"taxonomy":"post_tag","embeddable":true,"href":"https:\/\/www.europesays.com\/ee\/wp-json\/wp\/v2\/tags?post=262444"}],"curies":[{"name":"wp","href":"https:\/\/api.w.org\/{rel}","templated":true}]}}