{"id":262448,"date":"2026-08-27T16:23:16","date_gmt":"2026-08-27T16:23:16","guid":{"rendered":"https:\/\/www.europesays.com\/ee\/262448\/"},"modified":"2026-08-27T16:23:16","modified_gmt":"2026-08-27T16:23:16","slug":"tagasilook-aronile-colapinto-pikendas-alpineiga-lepingut","status":"publish","type":"post","link":"https:\/\/www.europesays.com\/ee\/262448\/","title":{"rendered":"Tagasil\u00f6\u00f6k Aronile: Colapinto pikendas Alpine\u2019iga lepingut"},"content":{"rendered":"<p>2025. aastal algselt Alpine\u2019i varus\u00f5itjaks palgatud Colapinto edutati p\u00f5his\u00f5itjaks juba mullusel Emilia-Romagna GP-l, kui ta vahetas v\u00e4lja Jack Doohani. K\u00e4imasoleval hooajal on noor argentiinlane n\u00e4idanud head minekut, kogudes senise kuue etapiga 19 punkti. Koos Gaslyga on nad aidanud Alpine\u2019i meeskondlikus arvestuses kuuendale kohale.<\/p>\n<p>Alpine\u2019i tegevjuhtkonna n\u00f5unik Flavio Briatore avaldas s\u00f5itjate \u00fcle head meelt. \u201eMeil on v\u00e4ga hea meel kinnitada 2027. aasta s\u00f5itjaterivi. Minu jaoks on stabiilsus \u00e4\u00e4rmiselt oluline. Oleme s\u00f5itjad paika pannud ning saame keskenduda oma peamisele prioriteedile ehk kiire v\u00f5istlusauto disainimisele ja ehitamisele,\u201c r\u00e4\u00e4kis Briatore.<\/p>\n<p>\u201eOleme n\u00e4inud, kuidas Franco on sel aastal t\u00f5eliselt arenenud ja k\u00fcpsenud. Tema tulemused eriti Miamis ja Montrealis kinnitasid, mida juba teadsin: Franco kuulub <a rel=\"noopener nofollow\" target=\"_blank\" href=\"https:\/\/www.delfi.ee\/teema\/62088176\/vormel-1\" tag-id=\"62088176\">vormel 1<\/a> sarja ja just sellesse meeskonda,\u201c lisas ta.<\/p>\n<p>Colapinto rahulolu ei varjanud: \u201eOlen v\u00e4ga \u00f5nnelik, et saan 2027. aastal siin j\u00e4tkata. Tunnen end meeskonnas koduselt ja on suurep\u00e4rane n\u00e4ha, et oleme v\u00f5rreldes eelmise aastaga suure sammu edasi teinud. Tahame v\u00f5idelda esikohtade nimel ja v\u00f5ita. Olen tiimile, Flaviole ja tegevdirektorile Steve Nielsenile usalduse eest t\u00e4nulik.\u201c<\/p>\n<p>Argentiinlase palkamine s\u00e4ilitab aga eestlase Paul Aroni jaoks keerulise olukorra, kus p\u00f5his\u00f5itjaks t\u00f5usmine on keeruline. <\/p>\n<p>Kuidas see lugu Sind end tundma pani?Saada<a href=\"https:\/\/sport.delfi.ee\/artikkel\/120606542\/tagasilook-aronile-colapinto-pikendas-alpine-iga-lepingut\/kommentaarid\" class=\"button button--primary button--size-auto article-body-bottom__comment article-body-bottom__comment--write\" style=\"\" rel=\"nofollow noopener\" target=\"_blank\">Kommenteeri<\/a><a href=\"https:\/\/sport.delfi.ee\/artikkel\/120606542\/tagasilook-aronile-colapinto-pikendas-alpine-iga-lepingut\/kommentaarid\" class=\"button button--size-auto article-body-bottom__comment article-body-bottom__comment--read\" style=\"\" rel=\"nofollow noopener\" target=\"_blank\">Loe kommentaare (2)<\/a><\/p>\n","protected":false},"excerpt":{"rendered":"2025. aastal algselt Alpine\u2019i varus\u00f5itjaks palgatud Colapinto edutati p\u00f5his\u00f5itjaks juba mullusel Emilia-Romagna GP-l, kui ta vahetas v\u00e4lja Jack&hellip;\n","protected":false},"author":2,"featured_media":262449,"comment_status":"","ping_status":"","sticky":false,"template":"","format":"standard","meta":{"footnotes":"","_share_on_mastodon":"0"},"categories":[18],"tags":[1164,37,33,35,34,36,1165,1163,13478,159,158,4487],"class_list":["post-262448","post","type-post","status-publish","format-standard","has-post-thumbnail","category-sport","tag-alpine","tag-ee","tag-eesti","tag-eesti-keel","tag-estonia","tag-estonian","tag-franco-colapinto","tag-paul-aron","tag-pierre-gasly","tag-sport","tag-sports","tag-vormel-1"],"share_on_mastodon":{"url":"https:\/\/pubeurope.com\/@ee\/117168400356247805","error":""},"_links":{"self":[{"href":"https:\/\/www.europesays.com\/ee\/wp-json\/wp\/v2\/posts\/262448","targetHints":{"allow":["GET"]}}],"collection":[{"href":"https:\/\/www.europesays.com\/ee\/wp-json\/wp\/v2\/posts"}],"about":[{"href":"https:\/\/www.europesays.com\/ee\/wp-json\/wp\/v2\/types\/post"}],"author":[{"embeddable":true,"href":"https:\/\/www.europesays.com\/ee\/wp-json\/wp\/v2\/users\/2"}],"replies":[{"embeddable":true,"href":"https:\/\/www.europesays.com\/ee\/wp-json\/wp\/v2\/comments?post=262448"}],"version-history":[{"count":0,"href":"https:\/\/www.europesays.com\/ee\/wp-json\/wp\/v2\/posts\/262448\/revisions"}],"wp:featuredmedia":[{"embeddable":true,"href":"https:\/\/www.europesays.com\/ee\/wp-json\/wp\/v2\/media\/262449"}],"wp:attachment":[{"href":"https:\/\/www.europesays.com\/ee\/wp-json\/wp\/v2\/media?parent=262448"}],"wp:term":[{"taxonomy":"category","embeddable":true,"href":"https:\/\/www.europesays.com\/ee\/wp-json\/wp\/v2\/categories?post=262448"},{"taxonomy":"post_tag","embeddable":true,"href":"https:\/\/www.europesays.com\/ee\/wp-json\/wp\/v2\/tags?post=262448"}],"curies":[{"name":"wp","href":"https:\/\/api.w.org\/{rel}","templated":true}]}}