{"id":262474,"date":"2026-08-27T16:57:19","date_gmt":"2026-08-27T16:57:19","guid":{"rendered":"https:\/\/www.europesays.com\/ee\/262474\/"},"modified":"2026-08-27T16:57:19","modified_gmt":"2026-08-27T16:57:19","slug":"purjus-autojuht-soitis-flora-poolkaitsja-laatsaretti-soccernet-ee","status":"publish","type":"post","link":"https:\/\/www.europesays.com\/ee\/262474\/","title":{"rendered":"Purjus autojuht s\u00f5itis Flora poolkaitsja laatsaretti &#8211; Soccernet.ee"},"content":{"rendered":"<p><img decoding=\"async\" src=\"https:\/\/www.europesays.com\/ee\/wp-content\/uploads\/2026\/08\/1785689649.jpg\" alt=\"Foto: Jana Pipar\"\/>&#13;\n<\/p>\n<p>FC Flora poolkaitsja Tristan Toomas Teev\u00e4li peab hetkel vigastuspausi. P\u00f5hjuseks mitte trennis venitatud s\u00e4\u00e4relihas v\u00f5i m\u00e4ngus saadud puukas, vaid hoopis purjus juhi p\u00f5hjustatud autoavarii.<\/p>\n<p>23-aastane Teev\u00e4li sattus liiklus\u00f5nnetusse laup\u00e4eva \u00f5htul, kui oli parasjagu elukaaslasega kodu poole teel. S\u00f5pruse puiesteed m\u00f6\u00f6da liikudes \u00fcletasid nad parasjagu rohelise tulega ristmikku, kui keelava tulega ristmikule kihutanud auto nende masinale k\u00fclje pealt sisse s\u00f5itis.&#13;\n<\/p>\n<p>&#8220;Auto sai korraliku l\u00f6\u00f6gi ja l\u00e4heb mahakandmisele, seal pole enam midagi p\u00e4\u00e4sta. Meil endil l\u00e4ks pisut \u00f5nnelikumalt: luud j\u00e4id terveks, aga saime tugevaid p\u00f5rutusi,&#8221; kommenteeris Teev\u00e4li Soccernet.ee-le.&#13;\n<\/p>\n<p>\u00d5nnekombel oli l\u00e4heduses just politseipatrull. &#8220;Patrull sattus kohe samale ristmikule, l\u00e4ksin nende poole ja k\u00fcsisin, kas nad saavad tulla. Politsei oli kohal juba minut p\u00e4rast avariid.&#8221;<\/p>\n<p>Avarii p\u00f5hjustanud autojuht pandi puhuma ning tal tuvastati alkoholijoove.&#13;\n<\/p>\n<p>Kokkup\u00f5rge oli Teev\u00e4lja ja tema elukaaslase jaoks selles m\u00f5ttes \u00f5nnelik, et suurema l\u00f6\u00f6gi sai auto ninapoolne k\u00fclg ning vasakult poolt tulnud l\u00f6\u00f6k ei tabanud otse salongipiirkonda. Sellest hoolimata tuleb nii k\u00f5rvalistuja kohal olnud Teev\u00e4ljal kui tema kaaslasel avariist f\u00fc\u00fcsiliselt taastuda.&#13;\n<\/p>\n<p>&#8220;Katki ei ole \u00f5nneks midagi, aga m\u00f5lemal on keha peal suured sinikad. Mina sain l\u00f6\u00f6gi rindkere piirkonda, mist\u00f5ttu on valus hingata ja teatud liigutusi teha.&#8221;&#13;\n<\/p>\n<p>Avariij\u00e4rgsel p\u00e4eval s\u00f5itis Teev\u00e4li koos Flora meeskonnaga P\u00e4rnusse m\u00e4ngule, kuid sai juba bussis\u00f5idu jooksul aru, et m\u00e4ngumeest temast siiski pole. &#8220;Sportlasena loodad viimase hetkeni, et juhtub ime ja saad m\u00e4ngida, aga juba s\u00f5idu ajal sain aru, et seekord nii ei l\u00e4he. Mul oli bussis ebamugav istuda ja ebamugav r\u00e4\u00e4kida, k\u00f5ik tegi valu.&#8221; Eilsele m\u00e4ngule Tartusse ei hakanud poolkaitsja seet\u00f5ttu s\u00f5itma.<\/p>\n<p>Platsile loodab Teev\u00e4li naasta v\u00f5imalikult ruttu, kuid t\u00e4pset prognoosi on hetkel raske anda. &#8220;Vaatame p\u00e4ev-p\u00e4evalt. Loodan v\u00e4ga j\u00e4rgmisel m\u00e4ngul saada platsile, aga t\u00e4ielik paranemine v\u00f5tab veel \u00fcksjagu aega.&#8221;&#13;\n<\/p>\n<p>Sel hooajal Floras pigem vahetusmehe rolli t\u00e4itnud Teev\u00e4li alustas augustikuus esimest kaht Flora liigam\u00e4ngu p\u00f5hikoosseisus, kuid on avarii j\u00e4rel nii p\u00fchap\u00e4evasest m\u00e4ngust Vaprusega kui eilsest mat\u0161ist Tammekaga eemale j\u00e4\u00e4nud.&#13;\n<\/p>\n<p>Premium liigas on Teev\u00e4ljal sel hooajal kirjas 12 m\u00e4ngu.<\/p>\n","protected":false},"excerpt":{"rendered":"&#13; FC Flora poolkaitsja Tristan Toomas Teev\u00e4li peab hetkel vigastuspausi. P\u00f5hjuseks mitte trennis venitatud s\u00e4\u00e4relihas v\u00f5i m\u00e4ngus saadud&hellip;\n","protected":false},"author":2,"featured_media":262475,"comment_status":"","ping_status":"","sticky":false,"template":"","format":"standard","meta":{"footnotes":"","_share_on_mastodon":"0"},"categories":[18],"tags":[10829,7088,37,33,35,34,36,161,163,83295,4397,159,158,1465,75845,101806],"class_list":["post-262474","post","type-post","status-publish","format-standard","has-post-thumbnail","category-sport","tag-autoavarii","tag-avarii","tag-ee","tag-eesti","tag-eesti-keel","tag-estonia","tag-estonian","tag-fc-flora","tag-flora","tag-joobes","tag-purjus","tag-sport","tag-sports","tag-tallinna-fc-flora","tag-teevali","tag-tristan-toomas-teevali"],"share_on_mastodon":{"url":"https:\/\/pubeurope.com\/@ee\/117168534422927674","error":""},"_links":{"self":[{"href":"https:\/\/www.europesays.com\/ee\/wp-json\/wp\/v2\/posts\/262474","targetHints":{"allow":["GET"]}}],"collection":[{"href":"https:\/\/www.europesays.com\/ee\/wp-json\/wp\/v2\/posts"}],"about":[{"href":"https:\/\/www.europesays.com\/ee\/wp-json\/wp\/v2\/types\/post"}],"author":[{"embeddable":true,"href":"https:\/\/www.europesays.com\/ee\/wp-json\/wp\/v2\/users\/2"}],"replies":[{"embeddable":true,"href":"https:\/\/www.europesays.com\/ee\/wp-json\/wp\/v2\/comments?post=262474"}],"version-history":[{"count":0,"href":"https:\/\/www.europesays.com\/ee\/wp-json\/wp\/v2\/posts\/262474\/revisions"}],"wp:featuredmedia":[{"embeddable":true,"href":"https:\/\/www.europesays.com\/ee\/wp-json\/wp\/v2\/media\/262475"}],"wp:attachment":[{"href":"https:\/\/www.europesays.com\/ee\/wp-json\/wp\/v2\/media?parent=262474"}],"wp:term":[{"taxonomy":"category","embeddable":true,"href":"https:\/\/www.europesays.com\/ee\/wp-json\/wp\/v2\/categories?post=262474"},{"taxonomy":"post_tag","embeddable":true,"href":"https:\/\/www.europesays.com\/ee\/wp-json\/wp\/v2\/tags?post=262474"}],"curies":[{"name":"wp","href":"https:\/\/api.w.org\/{rel}","templated":true}]}}