{"id":262486,"date":"2026-08-27T17:13:12","date_gmt":"2026-08-27T17:13:12","guid":{"rendered":"https:\/\/www.europesays.com\/ee\/262486\/"},"modified":"2026-08-27T17:13:12","modified_gmt":"2026-08-27T17:13:12","slug":"tallinna-munitsipaalkoolides-ja-lasteaedades-on-laste-arv-vahenenud-eesti","status":"publish","type":"post","link":"https:\/\/www.europesays.com\/ee\/262486\/","title":{"rendered":"Tallinna munitsipaalkoolides ja -lasteaedades on laste arv v\u00e4henenud | Eesti"},"content":{"rendered":"<p>Tallinna munitsipaalkoolides ja lasteaedades on v\u00e4henenud laste arv ja seet\u00f5ttu suletakse 35 lasteaiar\u00fchma. Kooliteed raskendavad ulatuslikud teet\u00f6\u00f6d, mis tekitavad esimestel septembrip\u00e4evadel t\u00f5en\u00e4oliselt ummikuid.<\/p>\n<p>Abilinnapea Andrei Kante \u00fctles, et kuna laste arv pealinnas v\u00e4heneb, siis alates 1. septembrist suletakse 35 lasteaiar\u00fchma \u00fcle Tallinna. Lapsi on v\u00e4hemaks j\u00e4\u00e4nud k\u00f5ige rohkem Lasnam\u00e4el ja Mustam\u00e4el.<\/p>\n<p>&#8220;See ei ole enam \u00fcleminekulasteaedade probleem. See on \u00fcle Tallinna murekoht. Aga kesklinnas ja Pirital on olukord pigem vastupidi. Seal me tegeleme sellega, et luua kohti juurde,&#8221; lausus Kante.<\/p>\n<p>\u00d5pilaste arv v\u00e4heneb ka pealinna munitsipaalkoolides ja v\u00f5rreldes eelmise aastaga on v\u00e4henenud just \u00fcleminekukoolidesse minejate arv. Esimesse klassi l\u00e4heb 3600 last.<\/p>\n<p>&#8220;G\u00fcmnaasiumiastmes j\u00e4llegi riigikoolide tulekuga kindlasti on see trend teatud m\u00e4\u00e4ral selline, et koolikohtade arv justkui v\u00e4heneb, aga \u00f5ppimiskohustuse reformi j\u00f5ustumisega n\u00e4eme alles 10. septembril, mis on tegelik olukord, kas me peame reguleerima seda, et j\u00e4rgmisel aastal avada rohkem kohti,&#8221; \u00fctles Kante.<\/p>\n<p>Septembris peavad kooliminejad arvestama sellega, et pealinnas k\u00e4ivad teet\u00f6\u00f6d ning arvata v\u00f5ib, et kuu esimesed p\u00e4evad toovad kaasa ummikud. K\u00f5ige keerulisem koht on j\u00e4tkuvalt Hipodroomi ristmik, kus t\u00f6\u00f6d j\u00e4tkuvad veel aasta. Augusti l\u00f5pus minnakse seal 2+2 s\u00f5idurajale.<\/p>\n<p>&#8220;Hoolimata sellest saavad olema kindlasti suuremad ummikud ja palume inimestel l\u00e4bi m\u00f5elda oma teekonnad,&#8221; s\u00f5nas abilinnapea Joel Jesse.<\/p>\n<p>Tallinna 21. keskkooli juures Raua t\u00e4naval k\u00e4isid veel neljap\u00e4eval t\u00f6\u00f6d, aga kooli ajaks saavad need l\u00e4bi, \u00fctles Jesse.<\/p>\n<p>Kreutzwaldi t\u00e4naval, mis on samuti 21. keskkooli juures, kestavad tee- ja torut\u00f6\u00f6d 10. oktoobrini.<\/p>\n<p>&#8220;Peterburi tee on j\u00e4tkuvalt ehituses kuni 18. novembrini. Siis on liikluseks avatud. Pae ristmik l\u00e4heb avatuks septembri l\u00f5pust. Veel suurem objekt on Suur-S\u00f5jam\u00e4e tee. Seal ehitustegevus j\u00e4tkub 2028. aastani. Kindlasti on ka S\u00f5le t\u00e4nav. Seal on 80 protsendi ulatuses ehitust\u00f6\u00f6d valmis, aga t\u00f6\u00f6d ka seal j\u00e4tkuvad,&#8221; s\u00f5nas Jesse.<\/p>\n","protected":false},"excerpt":{"rendered":"Tallinna munitsipaalkoolides ja lasteaedades on v\u00e4henenud laste arv ja seet\u00f5ttu suletakse 35 lasteaiar\u00fchma. Kooliteed raskendavad ulatuslikud teet\u00f6\u00f6d, mis&hellip;\n","protected":false},"author":2,"featured_media":262487,"comment_status":"","ping_status":"","sticky":false,"template":"","format":"standard","meta":{"footnotes":"","_share_on_mastodon":"0"},"categories":[5],"tags":[21259,26,27,37,33,35,34,36,31,32,21,30272,28,29,11410,35528,19,25,23,24,22,20,30],"class_list":["post-262486","post","type-post","status-publish","format-standard","has-post-thumbnail","category-uldised-uudised","tag-andrei-kante","tag-breaking-news","tag-breakingnews","tag-ee","tag-eesti","tag-eesti-keel","tag-estonia","tag-estonian","tag-featured-news","tag-featurednews","tag-headlines","tag-joel-jesse","tag-latest-news","tag-latestnews","tag-munitsipaalkoolid","tag-munitsipaallasteaiad","tag-news","tag-populaarseimad-lood","tag-top-stories","tag-topstories","tag-uldised-uudised","tag-uudised","tag-viimased-uudised"],"share_on_mastodon":{"url":"https:\/\/pubeurope.com\/@ee\/117168596983264595","error":""},"_links":{"self":[{"href":"https:\/\/www.europesays.com\/ee\/wp-json\/wp\/v2\/posts\/262486","targetHints":{"allow":["GET"]}}],"collection":[{"href":"https:\/\/www.europesays.com\/ee\/wp-json\/wp\/v2\/posts"}],"about":[{"href":"https:\/\/www.europesays.com\/ee\/wp-json\/wp\/v2\/types\/post"}],"author":[{"embeddable":true,"href":"https:\/\/www.europesays.com\/ee\/wp-json\/wp\/v2\/users\/2"}],"replies":[{"embeddable":true,"href":"https:\/\/www.europesays.com\/ee\/wp-json\/wp\/v2\/comments?post=262486"}],"version-history":[{"count":0,"href":"https:\/\/www.europesays.com\/ee\/wp-json\/wp\/v2\/posts\/262486\/revisions"}],"wp:featuredmedia":[{"embeddable":true,"href":"https:\/\/www.europesays.com\/ee\/wp-json\/wp\/v2\/media\/262487"}],"wp:attachment":[{"href":"https:\/\/www.europesays.com\/ee\/wp-json\/wp\/v2\/media?parent=262486"}],"wp:term":[{"taxonomy":"category","embeddable":true,"href":"https:\/\/www.europesays.com\/ee\/wp-json\/wp\/v2\/categories?post=262486"},{"taxonomy":"post_tag","embeddable":true,"href":"https:\/\/www.europesays.com\/ee\/wp-json\/wp\/v2\/tags?post=262486"}],"curies":[{"name":"wp","href":"https:\/\/api.w.org\/{rel}","templated":true}]}}