{"id":262506,"date":"2026-08-27T17:46:12","date_gmt":"2026-08-27T17:46:12","guid":{"rendered":"https:\/\/www.europesays.com\/ee\/262506\/"},"modified":"2026-08-27T17:46:12","modified_gmt":"2026-08-27T17:46:12","slug":"fotod-%e2%9f%a9-vagivallaennetuse-tunnustuse-palvinud-pild-freiberg-advokaadil-on-ka-uhiskondlik-roll","status":"publish","type":"post","link":"https:\/\/www.europesays.com\/ee\/262506\/","title":{"rendered":"FOTOD \u27e9 V\u00e4givallaennetuse tunnustuse p\u00e4lvinud Pild-Freiberg: advokaadil on ka \u00fchiskondlik roll"},"content":{"rendered":"<p>Neljap\u00e4eval tunnustasid president Alar Karis ning justiits- ja digiminister Liisa Pakosta (Eesti 200) v\u00e4givallaennetusse panustanud tegijaid. \u00dche 22 tunnustuse p\u00e4lvinud inimesena sai auhinna ka vandeadvokaat ja TRINITI partner Maarja Pild-Freiberg, kes on Postimehes aidanud keerulisi \u00f5iguslikke ja \u00fchiskondlikke teemasid avada.<\/p>\n<p class=\"PDq2pG_selectionAnchorContainer\">Pild-Freibergi s\u00f5nul n\u00e4itab tunnustus, et riik on m\u00e4rganud probleeme, mille lahendamiseks tuleb veel t\u00f6\u00f6d teha.<\/p>\n","protected":false},"excerpt":{"rendered":"Neljap\u00e4eval tunnustasid president Alar Karis ning justiits- ja digiminister Liisa Pakosta (Eesti 200) v\u00e4givallaennetusse panustanud tegijaid. \u00dche 22&hellip;\n","protected":false},"author":2,"featured_media":262507,"comment_status":"","ping_status":"","sticky":false,"template":"","format":"standard","meta":{"footnotes":"","_share_on_mastodon":"0"},"categories":[12],"tags":[101809,26,27,101814,402,37,33,35,34,36,31,32,21,101813,28,29,101811,101816,19,101817,101812,25,1721,2885,101815,23,24,22,20,101810,34356,30],"class_list":["post-262506","post","type-post","status-publish","format-standard","has-post-thumbnail","category-eesti","tag-aivar-reinap","tag-breaking-news","tag-breakingnews","tag-digitaalne-omakohus","tag-digiturvalisus","tag-ee","tag-eesti","tag-eesti-keel","tag-estonia","tag-estonian","tag-featured-news","tag-featurednews","tag-headlines","tag-internetiplatvormid","tag-latest-news","tag-latestnews","tag-maarja-pild-freiberg","tag-netivagivald","tag-news","tag-ohvrikeskne-kriminaalpoliitika","tag-oiguskultuur","tag-populaarseimad-lood","tag-postimees","tag-sonavabadus","tag-taasohvristamine","tag-top-stories","tag-topstories","tag-uldised-uudised","tag-uudised","tag-vagivallaennetuse-tunnustus","tag-vagivallaohvrid","tag-viimased-uudised"],"share_on_mastodon":{"url":"","error":"Validation failed: Text character limit of 500 exceeded"},"_links":{"self":[{"href":"https:\/\/www.europesays.com\/ee\/wp-json\/wp\/v2\/posts\/262506","targetHints":{"allow":["GET"]}}],"collection":[{"href":"https:\/\/www.europesays.com\/ee\/wp-json\/wp\/v2\/posts"}],"about":[{"href":"https:\/\/www.europesays.com\/ee\/wp-json\/wp\/v2\/types\/post"}],"author":[{"embeddable":true,"href":"https:\/\/www.europesays.com\/ee\/wp-json\/wp\/v2\/users\/2"}],"replies":[{"embeddable":true,"href":"https:\/\/www.europesays.com\/ee\/wp-json\/wp\/v2\/comments?post=262506"}],"version-history":[{"count":0,"href":"https:\/\/www.europesays.com\/ee\/wp-json\/wp\/v2\/posts\/262506\/revisions"}],"wp:featuredmedia":[{"embeddable":true,"href":"https:\/\/www.europesays.com\/ee\/wp-json\/wp\/v2\/media\/262507"}],"wp:attachment":[{"href":"https:\/\/www.europesays.com\/ee\/wp-json\/wp\/v2\/media?parent=262506"}],"wp:term":[{"taxonomy":"category","embeddable":true,"href":"https:\/\/www.europesays.com\/ee\/wp-json\/wp\/v2\/categories?post=262506"},{"taxonomy":"post_tag","embeddable":true,"href":"https:\/\/www.europesays.com\/ee\/wp-json\/wp\/v2\/tags?post=262506"}],"curies":[{"name":"wp","href":"https:\/\/api.w.org\/{rel}","templated":true}]}}