{"id":262522,"date":"2026-08-27T18:08:11","date_gmt":"2026-08-27T18:08:11","guid":{"rendered":"https:\/\/www.europesays.com\/ee\/262522\/"},"modified":"2026-08-27T18:08:11","modified_gmt":"2026-08-27T18:08:11","slug":"ekspert-kolmest-eilsest-intervjuust-kleepus-ulle-madisele-kulge-valispoliitiline-norkus","status":"publish","type":"post","link":"https:\/\/www.europesays.com\/ee\/262522\/","title":{"rendered":"Ekspert: kolmest eilsest intervjuust kleepus \u00dclle Madisele k\u00fclge v\u00e4lispoliitiline n\u00f5rkus"},"content":{"rendered":"<p><img decoding=\"async\" src=\"https:\/\/www.europesays.com\/ee\/wp-content\/uploads\/2026\/08\/27149d8d-64ab-4cea-b358-1e986f5d86c9.jpg\" loading=\"lazy\" alt=\"Kristjan J\u00f5evere ja \u00dclle Madise\"\/><\/p>\n<p>Kristjan J\u00f5evere ja \u00dclle Madise<\/p>\n<p>FOTO: Tiit Blaat| Delfi Meedia\/erakogu<\/p>\n<p class=\"MsoNormal\">Presidendikandidaat astus kolmap\u00e4eval \u00fcles kolme suurima meediakanali intervjuusaadetes. Kahe ja poole tunni jooksul ei loonud kanalid aga mitte Eesti esimest video-tript\u00fchhonit kolmest erinevast k\u00e4sitlusest, vaid hoidsid pigem kohakuti kolme peeglit, mis \u00fcksteise sisu l\u00f5pmatusse v\u00f5imendasid.<\/p>\n","protected":false},"excerpt":{"rendered":"Kristjan J\u00f5evere ja \u00dclle Madise FOTO: Tiit Blaat| Delfi Meedia\/erakogu Presidendikandidaat astus kolmap\u00e4eval \u00fcles kolme suurima meediakanali intervjuusaadetes.&hellip;\n","protected":false},"author":2,"featured_media":262523,"comment_status":"","ping_status":"","sticky":false,"template":"","format":"standard","meta":{"footnotes":"","_share_on_mastodon":"0"},"categories":[12],"tags":[26,27,37,33,35,34,36,31,32,21,101818,28,29,19,25,18841,23,24,22,3457,20,5843,30],"class_list":["post-262522","post","type-post","status-publish","format-standard","has-post-thumbnail","category-eesti","tag-breaking-news","tag-breakingnews","tag-ee","tag-eesti","tag-eesti-keel","tag-estonia","tag-estonian","tag-featured-news","tag-featurednews","tag-headlines","tag-kristjan-joevere","tag-latest-news","tag-latestnews","tag-news","tag-populaarseimad-lood","tag-presidendivalimised","tag-top-stories","tag-topstories","tag-uldised-uudised","tag-ulle-madise","tag-uudised","tag-valispoliitika","tag-viimased-uudised"],"share_on_mastodon":{"url":"https:\/\/pubeurope.com\/@ee\/117168813282547848","error":""},"_links":{"self":[{"href":"https:\/\/www.europesays.com\/ee\/wp-json\/wp\/v2\/posts\/262522","targetHints":{"allow":["GET"]}}],"collection":[{"href":"https:\/\/www.europesays.com\/ee\/wp-json\/wp\/v2\/posts"}],"about":[{"href":"https:\/\/www.europesays.com\/ee\/wp-json\/wp\/v2\/types\/post"}],"author":[{"embeddable":true,"href":"https:\/\/www.europesays.com\/ee\/wp-json\/wp\/v2\/users\/2"}],"replies":[{"embeddable":true,"href":"https:\/\/www.europesays.com\/ee\/wp-json\/wp\/v2\/comments?post=262522"}],"version-history":[{"count":0,"href":"https:\/\/www.europesays.com\/ee\/wp-json\/wp\/v2\/posts\/262522\/revisions"}],"wp:featuredmedia":[{"embeddable":true,"href":"https:\/\/www.europesays.com\/ee\/wp-json\/wp\/v2\/media\/262523"}],"wp:attachment":[{"href":"https:\/\/www.europesays.com\/ee\/wp-json\/wp\/v2\/media?parent=262522"}],"wp:term":[{"taxonomy":"category","embeddable":true,"href":"https:\/\/www.europesays.com\/ee\/wp-json\/wp\/v2\/categories?post=262522"},{"taxonomy":"post_tag","embeddable":true,"href":"https:\/\/www.europesays.com\/ee\/wp-json\/wp\/v2\/tags?post=262522"}],"curies":[{"name":"wp","href":"https:\/\/api.w.org\/{rel}","templated":true}]}}