{"id":262532,"date":"2026-08-27T18:41:11","date_gmt":"2026-08-27T18:41:11","guid":{"rendered":"https:\/\/www.europesays.com\/ee\/262532\/"},"modified":"2026-08-27T18:41:11","modified_gmt":"2026-08-27T18:41:11","slug":"kogo-galeriis-avatakse-koler-prizei-laureaadi-anna-mari-liivranna-naitus-kunst","status":"publish","type":"post","link":"https:\/\/www.europesays.com\/ee\/262532\/","title":{"rendered":"Kogo galeriis avatakse K\u00f6ler Prize&#8217;i laureaadi Anna Mari Liivranna n\u00e4itus | Kunst"},"content":{"rendered":"<p>Tartus Kogo galeriis avatakse K\u00f6ler Prize&#8217;i laureaadi Anna Mari Liivranna isikun\u00e4itus &#8220;Kaarduvate radade veetlus&#8221;, mis peegeldab keerukaid suhteid m\u00e4lu, looduse ja minevikuga. Teostes on kombineeritud ka erinevaid materjale ja esemeid.<\/p>\n<p>Nii joonistuse, skulptuuri kui ka installatsiooniga tegeleva Anna Mari Liivranna isikun\u00e4itusel on autori k\u00f5ige uuemad teosed, mis j\u00e4tkavad sarnaselt varasemale loomingule aja kulgemise temaatikaga. Oma teostes kombineerib kunstnik metalli ja eri ajastutest p\u00e4rit klaasi, lisades neile juurde ka linnaruumist leitud esemeid.<\/p>\n<p>&#8220;Ma j\u00f5udsin klaasi ja metalli kasutamiseni l\u00e4bi linnaruumiliste elementide. Eriti just t\u00f6\u00f6stusarhitektuuris, mahaj\u00e4\u00e4nud keskkondade vaatluse tulemusel ja eriti Tallinnale omaste sepiselementide n\u00e4ol. Mind v\u00e4ga k\u00f5netas see, kuidas kasutada neid enda loomingus. Selle klaasi ja metalli omavahelise koosm\u00f5ju on minu jaoks v\u00e4ga s\u00fcmpaatne. Siin tekib \u00f5rnuse ja hapruse ja metalli karmuse vahel meeldiv pinge ja teisest k\u00fcljest tasakaal,&#8221; lausus Liivrand.<\/p>\n<p>&#8220;Mis mind Liivranna puhul k\u00f5ige enam paelub, on tema oskus \u00fchendada erinevaid meediume. Ta \u00fchendab arhitektuuri, visuaalse kunsti, disaini ja k\u00e4sit\u00f6\u00f6, mida k\u00f5ike saab n\u00e4ha sellel n\u00e4itusel. Ja tema tegevuse meisterlikkus on t\u00e4iuslik,&#8221; s\u00f5nas kuraator Elina Drake.<\/p>\n<p>T\u00f6\u00f6des on l\u00e4bivad ka ornamentaalsed sepised ja taimedega seotud motiivid. N\u00e4iteks on Liivrand graveerinud klaasile eesti m\u00fcrktaimi.<\/p>\n<p>&#8220;Ma j\u00f5udsin nende kasutamiseni, sest mahaj\u00e4etud keskkonnad sageli saavad aluseks taass\u00fcnnile, uue looduse t\u00e4rkamisele. Miks just m\u00fcrktaim on minu jaoks k\u00f5nekas, et nende puhul on olemas teatav \u00e4hvardavus, kui me elame loodusliku kaduvuse ajal, siis v\u00f5ib-olla see taass\u00fcnd ei ole meeldiv ja pehme ning ta tulebki pigem \u00e4hvardavalt nagu m\u00fcrktaimed,&#8221; \u00fctles Liivrand.<\/p>\n<p>N\u00e4itus on avatud 24. oktoobrini.<\/p>\n","protected":false},"excerpt":{"rendered":"Tartus Kogo galeriis avatakse K\u00f6ler Prize&#8217;i laureaadi Anna Mari Liivranna isikun\u00e4itus &#8220;Kaarduvate radade veetlus&#8221;, mis peegeldab keerukaid suhteid&hellip;\n","protected":false},"author":2,"featured_media":262533,"comment_status":"","ping_status":"","sticky":false,"template":"","format":"standard","meta":{"footnotes":"","_share_on_mastodon":"0"},"categories":[12],"tags":[26667,26,27,37,33,35,101820,34,36,31,32,21,23003,28,29,101819,19,25,23,24,22,20,30],"class_list":["post-262532","post","type-post","status-publish","format-standard","has-post-thumbnail","category-eesti","tag-anna-mari-liivrand","tag-breaking-news","tag-breakingnews","tag-ee","tag-eesti","tag-eesti-keel","tag-elina-drake","tag-estonia","tag-estonian","tag-featured-news","tag-featurednews","tag-headlines","tag-koler-prize","tag-latest-news","tag-latestnews","tag-naitus-kaarduvate-radade-veetlus","tag-news","tag-populaarseimad-lood","tag-top-stories","tag-topstories","tag-uldised-uudised","tag-uudised","tag-viimased-uudised"],"share_on_mastodon":{"url":"https:\/\/pubeurope.com\/@ee\/117168943002945852","error":""},"_links":{"self":[{"href":"https:\/\/www.europesays.com\/ee\/wp-json\/wp\/v2\/posts\/262532","targetHints":{"allow":["GET"]}}],"collection":[{"href":"https:\/\/www.europesays.com\/ee\/wp-json\/wp\/v2\/posts"}],"about":[{"href":"https:\/\/www.europesays.com\/ee\/wp-json\/wp\/v2\/types\/post"}],"author":[{"embeddable":true,"href":"https:\/\/www.europesays.com\/ee\/wp-json\/wp\/v2\/users\/2"}],"replies":[{"embeddable":true,"href":"https:\/\/www.europesays.com\/ee\/wp-json\/wp\/v2\/comments?post=262532"}],"version-history":[{"count":0,"href":"https:\/\/www.europesays.com\/ee\/wp-json\/wp\/v2\/posts\/262532\/revisions"}],"wp:featuredmedia":[{"embeddable":true,"href":"https:\/\/www.europesays.com\/ee\/wp-json\/wp\/v2\/media\/262533"}],"wp:attachment":[{"href":"https:\/\/www.europesays.com\/ee\/wp-json\/wp\/v2\/media?parent=262532"}],"wp:term":[{"taxonomy":"category","embeddable":true,"href":"https:\/\/www.europesays.com\/ee\/wp-json\/wp\/v2\/categories?post=262532"},{"taxonomy":"post_tag","embeddable":true,"href":"https:\/\/www.europesays.com\/ee\/wp-json\/wp\/v2\/tags?post=262532"}],"curies":[{"name":"wp","href":"https:\/\/api.w.org\/{rel}","templated":true}]}}