{"id":262536,"date":"2026-08-27T18:48:08","date_gmt":"2026-08-27T18:48:08","guid":{"rendered":"https:\/\/www.europesays.com\/ee\/262536\/"},"modified":"2026-08-27T18:48:08","modified_gmt":"2026-08-27T18:48:08","slug":"tallinna-lennusadamas-kolab-brain-eno-lennuvaljamuusika-akustiliselt-muusika","status":"publish","type":"post","link":"https:\/\/www.europesays.com\/ee\/262536\/","title":{"rendered":"Tallinna lennusadamas k\u00f5lab Brain Eno &#8220;Lennuv\u00e4ljamuusika&#8221; akustiliselt | Muusika"},"content":{"rendered":"<p>Tallinna Lennusadamas k\u00f5lab reede \u00f5htul legendaarse briti helilooja ja visuaalkunstniku Brian Eno teos &#8220;Lennuv\u00e4ljamuusika&#8221;. Algselt oli see m\u00f5eldud vaid elektrooniliseks esituseks, kuid l\u00f6\u00f6kpillim\u00e4ngija Vambola Krigul l\u00f5i versiooni akustilistele pillidele ja lauljatele.<\/p>\n<p>Brian Eno legendaarne teos &#8220;Lennuv\u00e4ljamuusika&#8221; ilmus 1978. aastal ning sellest sai ambient-muusika \u017eanri teerajaja ja vaieldamatu kultusalbum.<\/p>\n<p>Teos s\u00fcndis p\u00e4rast \u00fcht frustreerivat kogemust K\u00f6lni lennuv\u00e4ljal, kus h\u00e4iriv taustamuusika s\u00fcvendas inimestes \u00e4revust ja lennuhirmu. Nii kirjutas Eno muusika, mis sulaks keskkonda, m\u00f5juks rahustavalt ja meeldivalt.<\/p>\n<p>Kontserdilaval esitas teost esmakordselt Ameerika n\u00fc\u00fcdismuusika kollektiiv Bang on a Can All-Stars, kes 1999. aastal t\u00f5i selle ka Tallinna publikuni. N\u00fc\u00fcd j\u00f5uab meieni uus, Vambola Kriguli tehtud seade ERSO kammerkoosseisu ja Collegium Musicale esituses.<\/p>\n<p>&#8220;See muusika eksisteerib ainult plaadil, Brian Eno on teinud graafilised partituurid, aga need on rohkem kunstiprojektid, mitte arusaadav noodimaterjal. K\u00f5igepealt tuli mul see 45 minutit muusikat plaadi pealt maha kirjutada, siis noodistada ja seada. P\u00e4ris suur v\u00e4ljakutse on see, et kuidas unustada \u00e4ra originaal,&#8221; s\u00f5nas Krigul.<\/p>\n<p>Omaette v\u00e4ljakutse on Kriguli s\u00f5nul ka Lennusadama akustika.<\/p>\n<p>&#8220;Mulle meeldib ettem\u00e4\u00e4ramatus ja ruum kui instrument &#8211; kuidas ruum selle teosega m\u00e4ngima hakkab. Lennusadam on h\u00e4sti omap\u00e4rase ja huvitava, ent suhteliselt keerulise akustikaga pillim\u00e4ngija seisukohast. Eriti toonmeistri jaoks on keeruline, kuidas see k\u00f5ik k\u00f5lama panna,&#8221; leidis arran\u017eeerija.<\/p>\n<p>Samas on Kriguli s\u00f5nul konkreetne teos ideaalne just Lennusadamas esitamiseks.<\/p>\n<p>&#8220;Siinne ruum ca 20-sekundilise j\u00e4relk\u00f5laga on ideaalne imiteerimaks lennujaama ja tohutu m\u00fcraga keskkonda, mida me p\u00fc\u00fcame rahulike helidega m\u00e4ssida pilveks, kus inimesed saaksid rahuneda.&#8221;<\/p>\n<p>&#8220;Lennuv\u00e4ljamuusikat&#8221; kuuleb reedel \u00f5htul ERSO Audiospaa sarja kontserdil Tallinna Lennusadamas.<\/p>\n","protected":false},"excerpt":{"rendered":"Tallinna Lennusadamas k\u00f5lab reede \u00f5htul legendaarse briti helilooja ja visuaalkunstniku Brian Eno teos &#8220;Lennuv\u00e4ljamuusika&#8221;. Algselt oli see m\u00f5eldud&hellip;\n","protected":false},"author":2,"featured_media":262537,"comment_status":"","ping_status":"","sticky":false,"template":"","format":"standard","meta":{"footnotes":"","_share_on_mastodon":"0"},"categories":[16],"tags":[80795,37,33,35,173,175,34,36,80796,18980,140,101821],"class_list":["post-262536","post","type-post","status-publish","format-standard","has-post-thumbnail","category-meelelahutus","tag-brian-eno","tag-ee","tag-eesti","tag-eesti-keel","tag-entertainment","tag-erso","tag-estonia","tag-estonian","tag-lennujaamamuusika","tag-lennusadam","tag-meelelahutus","tag-vambola-krigul"],"share_on_mastodon":{"url":"https:\/\/pubeurope.com\/@ee\/117168970330913195","error":""},"_links":{"self":[{"href":"https:\/\/www.europesays.com\/ee\/wp-json\/wp\/v2\/posts\/262536","targetHints":{"allow":["GET"]}}],"collection":[{"href":"https:\/\/www.europesays.com\/ee\/wp-json\/wp\/v2\/posts"}],"about":[{"href":"https:\/\/www.europesays.com\/ee\/wp-json\/wp\/v2\/types\/post"}],"author":[{"embeddable":true,"href":"https:\/\/www.europesays.com\/ee\/wp-json\/wp\/v2\/users\/2"}],"replies":[{"embeddable":true,"href":"https:\/\/www.europesays.com\/ee\/wp-json\/wp\/v2\/comments?post=262536"}],"version-history":[{"count":0,"href":"https:\/\/www.europesays.com\/ee\/wp-json\/wp\/v2\/posts\/262536\/revisions"}],"wp:featuredmedia":[{"embeddable":true,"href":"https:\/\/www.europesays.com\/ee\/wp-json\/wp\/v2\/media\/262537"}],"wp:attachment":[{"href":"https:\/\/www.europesays.com\/ee\/wp-json\/wp\/v2\/media?parent=262536"}],"wp:term":[{"taxonomy":"category","embeddable":true,"href":"https:\/\/www.europesays.com\/ee\/wp-json\/wp\/v2\/categories?post=262536"},{"taxonomy":"post_tag","embeddable":true,"href":"https:\/\/www.europesays.com\/ee\/wp-json\/wp\/v2\/tags?post=262536"}],"curies":[{"name":"wp","href":"https:\/\/api.w.org\/{rel}","templated":true}]}}