{"id":262546,"date":"2026-08-27T19:04:25","date_gmt":"2026-08-27T19:04:25","guid":{"rendered":"https:\/\/www.europesays.com\/ee\/262546\/"},"modified":"2026-08-27T19:04:25","modified_gmt":"2026-08-27T19:04:25","slug":"eesti-tugevdab-kriisivalmidust-ja-varustuskindlust","status":"publish","type":"post","link":"https:\/\/www.europesays.com\/ee\/262546\/","title":{"rendered":"Eesti tugevdab kriisivalmidust ja varustuskindlust"},"content":{"rendered":"<p>IMERA eesm\u00e4rk on parandada Eesti kriisivalmidust ja varustuskindlust ning toetada Euroopa komisjoni ja liikmesriikide koordineeritud koost\u00f6\u00f6d. See aitab hoida kaupade, teenuste ja t\u00f6\u00f6tajate vaba liikumist ka olukordades, kus siseturu toimimist \u00e4hvardab t\u00f5sine h\u00e4ire. <\/p>\n<p>\u201eViimaste aastate kriisid on n\u00e4idanud, kui oluline on riikidevaheline koost\u00f6\u00f6 ja valmisolek tegutseda kiiresti ning koordineeritult. IMERA aitab tagada, et kriisi ajal liiguks vajalik info kiiresti, tarneahelad p\u00fcsiksid toimimas ja Eesti inimestel ning ettev\u00f5tetel oleks kindlus, et olulised kaubad ja teenused j\u00e4\u00e4vad k\u00e4ttesaadavaks,\u201c \u00fctles majandus- ja t\u00f6\u00f6stusminister Erkki Keldo.<\/p>\n<p>Raamistiku rakendamise eest hakkab vastutama majandus- ja kommunikatsiooniministeerium. Praktilist elluviimist korraldab Eesti varude keskus, kes vahendab kriisiolukorras teavet Euroopa komisjoni, liikmesriikide ja Eesti ametiasutuste vahel.<\/p>\n<p>Kriisiolukorras saadakse \u00f5iguseid juurde<\/p>\n<p>Kriisiolukorras saab tarbijakaitse ja tehnilise j\u00e4relevalve amet \u00f5iguse lubada lihtsustatud korras turule kriisi seisukohast olulisi tehnilisi tooteid, n\u00e4iteks generaatoreid, ehituspaneele v\u00f5i raadiosideseadmeid. See aitab olukordades, kus vajalikke tooteid on vaja kiiresti kasutusele v\u00f5tta.<\/p>\n<p>Kui tuvastatakse siseturgu m\u00f5jutav oht, siis k\u00e4ivitatakse EL-i tasandil vastav kriisiohjere\u017eiim. Sealhulgas saab j\u00e4lgida kriisis oluliste tarneahelate toimimist. Raamistik h\u00f5lmab \u00fcldjuhul k\u00f5iki kaupu ja teenuseid, v\u00e4lja arvatud n\u00e4iteks finantsteenused, energiakandjad ja kaitsetehnoloogiad.<\/p>\n<p>Tavap\u00e4rases olukorras ei too muudatused ettev\u00f5tjatele uusi kohustusi. Kriisiohjere\u017eiimides v\u00f5ivad liikmesriikide p\u00e4devad asutused ja Euroopa komisjon k\u00fcsida ettev\u00f5tjatelt vabatahtlikult teavet tarneahelate seisu v\u00f5i tootmisv\u00f5imekuse kohta.  <\/p>\n<p>Siseturu h\u00e4daolukorra re\u017eiimis v\u00f5ib komisjon esitada ka prioriteetseid tootmistaotlusi kriisi seisukohast oluliste toodete kohta, kuid ettev\u00f5tjal on v\u00f5imalik nende t\u00e4itmisest keelduda.<\/p>\n<p>Kuidas see lugu Sind end tundma pani?Saada<a href=\"https:\/\/www.delfi.ee\/artikkel\/120606457\/eesti-tugevdab-kriisivalmidust-ja-varustuskindlust\/kommentaarid\" class=\"button button--primary button--size-auto article-body-bottom__comment article-body-bottom__comment--write\" style=\"\" rel=\"nofollow noopener\" target=\"_blank\">Kommenteeri<\/a><a href=\"https:\/\/www.delfi.ee\/artikkel\/120606457\/eesti-tugevdab-kriisivalmidust-ja-varustuskindlust\/kommentaarid\" class=\"button button--size-auto article-body-bottom__comment article-body-bottom__comment--read\" style=\"\" rel=\"nofollow noopener\" target=\"_blank\">Loe kommentaare <\/a><\/p>\n","protected":false},"excerpt":{"rendered":"IMERA eesm\u00e4rk on parandada Eesti kriisivalmidust ja varustuskindlust ning toetada Euroopa komisjoni ja liikmesriikide koordineeritud koost\u00f6\u00f6d. See aitab&hellip;\n","protected":false},"author":2,"featured_media":262547,"comment_status":"","ping_status":"","sticky":false,"template":"","format":"standard","meta":{"footnotes":"","_share_on_mastodon":"0"},"categories":[5],"tags":[687,679,667,26,27,673,688,663,662,37,33,35,684,683,692,34,36,31,32,208,148,21,206,668,669,381,686,677,694,691,339,680,28,29,671,672,377,690,144,678,665,19,693,676,666,25,322,664,150,695,685,159,394,682,674,675,23,24,689,222,22,20,670,681,149,30],"class_list":["post-262546","post","type-post","status-publish","format-standard","has-post-thumbnail","category-uldised-uudised","tag-ajaviide","tag-autoleht","tag-blog","tag-breaking-news","tag-breakingnews","tag-cv","tag-date","tag-defli","tag-delfi","tag-ee","tag-eesti","tag-eesti-keel","tag-ekaart","tag-email","tag-erootika","tag-estonia","tag-estonian","tag-featured-news","tag-featurednews","tag-film","tag-foto","tag-headlines","tag-horoskoop","tag-ilm","tag-ilmaennustus","tag-internet","tag-kaart","tag-kava","tag-kindlustus","tag-kinnisvara","tag-kuulutused","tag-lasteleht","tag-latest-news","tag-latestnews","tag-loto","tag-majandus","tag-mangud","tag-mobiil","tag-muusika","tag-naisteleht","tag-naljad","tag-news","tag-otsing","tag-pank","tag-pilt","tag-populaarseimad-lood","tag-raadio","tag-reklaam","tag-seks","tag-sms","tag-solo","tag-sport","tag-tarkvara","tag-tasuta","tag-too","tag-toopakkumised","tag-top-stories","tag-topstories","tag-tutvus","tag-tv","tag-uldised-uudised","tag-uudised","tag-valimised","tag-valuuta","tag-video","tag-viimased-uudised"],"share_on_mastodon":{"url":"","error":"Validation failed: Text character limit of 500 exceeded"},"_links":{"self":[{"href":"https:\/\/www.europesays.com\/ee\/wp-json\/wp\/v2\/posts\/262546","targetHints":{"allow":["GET"]}}],"collection":[{"href":"https:\/\/www.europesays.com\/ee\/wp-json\/wp\/v2\/posts"}],"about":[{"href":"https:\/\/www.europesays.com\/ee\/wp-json\/wp\/v2\/types\/post"}],"author":[{"embeddable":true,"href":"https:\/\/www.europesays.com\/ee\/wp-json\/wp\/v2\/users\/2"}],"replies":[{"embeddable":true,"href":"https:\/\/www.europesays.com\/ee\/wp-json\/wp\/v2\/comments?post=262546"}],"version-history":[{"count":0,"href":"https:\/\/www.europesays.com\/ee\/wp-json\/wp\/v2\/posts\/262546\/revisions"}],"wp:featuredmedia":[{"embeddable":true,"href":"https:\/\/www.europesays.com\/ee\/wp-json\/wp\/v2\/media\/262547"}],"wp:attachment":[{"href":"https:\/\/www.europesays.com\/ee\/wp-json\/wp\/v2\/media?parent=262546"}],"wp:term":[{"taxonomy":"category","embeddable":true,"href":"https:\/\/www.europesays.com\/ee\/wp-json\/wp\/v2\/categories?post=262546"},{"taxonomy":"post_tag","embeddable":true,"href":"https:\/\/www.europesays.com\/ee\/wp-json\/wp\/v2\/tags?post=262546"}],"curies":[{"name":"wp","href":"https:\/\/api.w.org\/{rel}","templated":true}]}}