{"id":262554,"date":"2026-08-27T19:25:38","date_gmt":"2026-08-27T19:25:38","guid":{"rendered":"https:\/\/www.europesays.com\/ee\/262554\/"},"modified":"2026-08-27T19:25:38","modified_gmt":"2026-08-27T19:25:38","slug":"ulevaade-tallinna-sugis-on-tais-teetoid-eesti","status":"publish","type":"post","link":"https:\/\/www.europesays.com\/ee\/262554\/","title":{"rendered":"\u00dclevaade: Tallinna s\u00fcgis on t\u00e4is teet\u00f6id | Eesti"},"content":{"rendered":"<p>Tallinnas j\u00e4tkuvad kooliaasta alates mitmed teet\u00f6\u00f6d, peamiselt kesklinnas ja P\u00f5hja-Tallinnas.<\/p>\n<p>Tallinnas j\u00e4tkuvad kooliaasta alates mitmed suuremad teet\u00f6\u00f6d nii kesklinnas kui ka P\u00f5hja-Tallinnas. Seet\u00f5ttu peab ka septembris ja oktoobris arvestama v\u00f5imalike ummikutega.<\/p>\n<p>Suurimad teet\u00f6\u00f6d k\u00e4ivad ja j\u00e4tkuvad Hipodroomi piirkonnas ja Peterburi teel. Hipodroomi puhul minnakse augusti l\u00f5pus praeguselt 2+1 s\u00f5idurajaga lahenduselt 2+2 rajale. See ei t\u00e4henda, et ehitust\u00f6\u00f6d katkeksid v\u00f5i hakkaksid seal l\u00f5pule j\u00f5udma: teet\u00f6\u00f6d j\u00e4tkuvad veel aasta aega.<\/p>\n<p>&#8220;Kui on puhkused l\u00e4bi, kooliaasta alanud, kindlasti ummikud saavad (Hipodroomi ristmikul) olema suured. T\u00e4na on t\u00f6\u00f6d linnast v\u00e4ljuval suunal, 2027. aastal linna siseneval suunal. 12 kuud on veel minna, kindlasti palume varuda kannatust,&#8221; lausus Tallinna abilinnapea Joel Jesse.<\/p>\n<p>Peterburi tee esimese etapi ehitust\u00f6\u00f6d saavad novembri l\u00f5puks valmis, praegune t\u00e4htaeg on 18. november ja Pae ristmik avatakse septembri l\u00f5puks, \u00fctles Jesse.<\/p>\n<p>T\u00f6\u00f6d j\u00e4tkuvad pikalt Peterburi teega paralleelsel Suur-S\u00f5jam\u00e4e t\u00e4naval, kus t\u00f6\u00f6de t\u00e4htajaks on 2028. aasta. Seega j\u00e4tkub seal liiklus1+1 s\u00f5idurajaga. T\u00f6\u00f6d kestavad pikalt, sest need on seotud Rail Balticu reisiterminali ja seda \u00fcmbritseva taristu ehitusega.<\/p>\n<p>Kesklinnas avatakse 1. septembriks liiklusele 21. keskkooli juures asuv Raua t\u00e4nav. Sellega ristuval Kreutzwaldi t\u00e4naval kestavad tee- ja torut\u00f6\u00f6d 10. oktoobrini.<\/p>\n<p>Liivalaia t\u00e4nava teet\u00f6\u00f6d peaksid valmis saama pooleteist kuuga ehk oktoobri keskpaigaks.<\/p>\n<p>Sel n\u00e4dalal avati kesklinnas liikluseks Lauteri t\u00e4nav, mis t\u00e4hendab, et remondi ajal \u00fcmbers\u00f5idul olnud bussid liiguvad taas m\u00f6\u00f6da Lauteri t\u00e4navat. Liikluseks on avatud ka Vambola-Lembitu t\u00e4nava ristmik.<\/p>\n<p>Ahtri t\u00e4naval on seoses Talsinki kvartali ehitusega suletud \u00fcks s\u00f5idurada.<\/p>\n<p>Septembri l\u00f5pus v\u00f5i oktoobri alguses suletakse seoses Westholmi g\u00fcmnaasiumi ehitusega Adamsoni t\u00e4nav.<\/p>\n<p>P\u00f5hja-Tallinnas on t\u00f6\u00f6s samuti mitu objekti.<\/p>\n<p>S\u00f5le t\u00e4nava ja Kolde puiestee ehitust\u00f6\u00f6d on Jesse s\u00f5nul 80 protsenti valmis, Kolde puiestee p\u00f6\u00f6rded on avatud, kuid t\u00f6\u00f6d j\u00e4tkuvad seal siiski novembri l\u00f5puni. Novembri l\u00f5puni j\u00e4\u00e4b S\u00f5le t\u00e4naval Ehte ja Nisu t\u00e4nava vahelisel l\u00f5igul kesklinna suunal \u00fcks s\u00f5idurada.<\/p>\n<p>Volta t\u00e4naval kestavad t\u00f6\u00f6d 25. septembrini. &#8220;Loomulikult on see p\u00f5hjustanud Kungla t\u00e4navale t\u00e4iendavat liikluskoormust. Aga need (t\u00f6\u00f6d) tulenevad reaalsetest vajadustest ja nagu iga ehitust\u00f6\u00f6ga, t\u00e4navate sulgemisega on liiklus kandub k\u00f5rvalt\u00e4navatele,&#8221; lausus Jesse.<\/p>\n<p>Paljassaare p\u00f5igus on viimased asfalteerimist\u00f6\u00f6d septembris.<\/p>\n<p>Mustam\u00e4el teises mikrorajoonis hakatakse septembri teises pooles teede uuendust\u00f6id tegema ning need kestavad etappide kaupa j\u00e4rgmise aastani, \u00fctles Jesse.<\/p>\n<p>S\u00fctiste teel toimub soojatrasside vahetus ning need t\u00f6\u00f6d l\u00f5ppevad septembri l\u00f5pus.<\/p>\n","protected":false},"excerpt":{"rendered":"Tallinnas j\u00e4tkuvad kooliaasta alates mitmed teet\u00f6\u00f6d, peamiselt kesklinnas ja P\u00f5hja-Tallinnas. Tallinnas j\u00e4tkuvad kooliaasta alates mitmed suuremad teet\u00f6\u00f6d nii&hellip;\n","protected":false},"author":2,"featured_media":262555,"comment_status":"","ping_status":"","sticky":false,"template":"","format":"standard","meta":{"footnotes":"","_share_on_mastodon":"0"},"categories":[12],"tags":[71,26,27,37,33,35,34,36,31,32,21,28,29,19,999,25,23,24,22,20,1084,30],"class_list":["post-262554","post","type-post","status-publish","format-standard","has-post-thumbnail","category-eesti","tag-arvamus","tag-breaking-news","tag-breakingnews","tag-ee","tag-eesti","tag-eesti-keel","tag-estonia","tag-estonian","tag-featured-news","tag-featurednews","tag-headlines","tag-latest-news","tag-latestnews","tag-news","tag-poliitika","tag-populaarseimad-lood","tag-top-stories","tag-topstories","tag-uldised-uudised","tag-uudised","tag-valismaa","tag-viimased-uudised"],"share_on_mastodon":{"url":"https:\/\/pubeurope.com\/@ee\/117169116021640529","error":""},"_links":{"self":[{"href":"https:\/\/www.europesays.com\/ee\/wp-json\/wp\/v2\/posts\/262554","targetHints":{"allow":["GET"]}}],"collection":[{"href":"https:\/\/www.europesays.com\/ee\/wp-json\/wp\/v2\/posts"}],"about":[{"href":"https:\/\/www.europesays.com\/ee\/wp-json\/wp\/v2\/types\/post"}],"author":[{"embeddable":true,"href":"https:\/\/www.europesays.com\/ee\/wp-json\/wp\/v2\/users\/2"}],"replies":[{"embeddable":true,"href":"https:\/\/www.europesays.com\/ee\/wp-json\/wp\/v2\/comments?post=262554"}],"version-history":[{"count":0,"href":"https:\/\/www.europesays.com\/ee\/wp-json\/wp\/v2\/posts\/262554\/revisions"}],"wp:featuredmedia":[{"embeddable":true,"href":"https:\/\/www.europesays.com\/ee\/wp-json\/wp\/v2\/media\/262555"}],"wp:attachment":[{"href":"https:\/\/www.europesays.com\/ee\/wp-json\/wp\/v2\/media?parent=262554"}],"wp:term":[{"taxonomy":"category","embeddable":true,"href":"https:\/\/www.europesays.com\/ee\/wp-json\/wp\/v2\/categories?post=262554"},{"taxonomy":"post_tag","embeddable":true,"href":"https:\/\/www.europesays.com\/ee\/wp-json\/wp\/v2\/tags?post=262554"}],"curies":[{"name":"wp","href":"https:\/\/api.w.org\/{rel}","templated":true}]}}