{"id":262582,"date":"2026-08-27T19:59:11","date_gmt":"2026-08-27T19:59:11","guid":{"rendered":"https:\/\/www.europesays.com\/ee\/262582\/"},"modified":"2026-08-27T19:59:11","modified_gmt":"2026-08-27T19:59:11","slug":"delfi-ungaris-sander-raieste-koondise-esitusest-piinlik-ja-onnetu-paev-kole-kole-pilt-2","status":"publish","type":"post","link":"https:\/\/www.europesays.com\/ee\/262582\/","title":{"rendered":"DELFI UNGARIS | Sander Raieste koondise esitusest: piinlik ja \u00f5nnetu p\u00e4ev. Kole-kole pilt&#8230;"},"content":{"rendered":"<p>Eesti kaotas Miskolcis peetud 2027. aasta MM-valikm\u00e4ngus Ungarile 67:85. Esimese poolaja j\u00e4rel oli vahe kolm punkti, seej\u00e4rel hakkas vahe aeglaselt paisuma, kusjuures Eesti ei saanud kordagi sabast kinni.<\/p>\n<p>\u201eUngari tahtis meist rohkem seda m\u00e4ngu v\u00f5ita. Selle taha j\u00e4i,\u201c \u00fcritas Raieste s\u00f5nu leida. \u201eK\u00f5ik 50-50 pallid, r\u00fcndelauad&#8230; proovi, mis sa proovid, k\u00f5ik v\u00f5eti k\u00e4est \u00e4ra. Puterdasime ja puterdasime.\u201c<\/p>\n","protected":false},"excerpt":{"rendered":"Eesti kaotas Miskolcis peetud 2027. aasta MM-valikm\u00e4ngus Ungarile 67:85. Esimese poolaja j\u00e4rel oli vahe kolm punkti, seej\u00e4rel hakkas&hellip;\n","protected":false},"author":2,"featured_media":262583,"comment_status":"","ping_status":"","sticky":false,"template":"","format":"standard","meta":{"footnotes":"","_share_on_mastodon":"0"},"categories":[5],"tags":[26,27,37,33,35,3119,34,36,31,32,21,28,29,19,25,1240,23,24,22,20,30],"class_list":["post-262582","post","type-post","status-publish","format-standard","has-post-thumbnail","category-uldised-uudised","tag-breaking-news","tag-breakingnews","tag-ee","tag-eesti","tag-eesti-keel","tag-eesti-korvpallikoondis","tag-estonia","tag-estonian","tag-featured-news","tag-featurednews","tag-headlines","tag-latest-news","tag-latestnews","tag-news","tag-populaarseimad-lood","tag-sander-raieste","tag-top-stories","tag-topstories","tag-uldised-uudised","tag-uudised","tag-viimased-uudised"],"share_on_mastodon":{"url":"https:\/\/pubeurope.com\/@ee\/117169249427332553","error":""},"_links":{"self":[{"href":"https:\/\/www.europesays.com\/ee\/wp-json\/wp\/v2\/posts\/262582","targetHints":{"allow":["GET"]}}],"collection":[{"href":"https:\/\/www.europesays.com\/ee\/wp-json\/wp\/v2\/posts"}],"about":[{"href":"https:\/\/www.europesays.com\/ee\/wp-json\/wp\/v2\/types\/post"}],"author":[{"embeddable":true,"href":"https:\/\/www.europesays.com\/ee\/wp-json\/wp\/v2\/users\/2"}],"replies":[{"embeddable":true,"href":"https:\/\/www.europesays.com\/ee\/wp-json\/wp\/v2\/comments?post=262582"}],"version-history":[{"count":0,"href":"https:\/\/www.europesays.com\/ee\/wp-json\/wp\/v2\/posts\/262582\/revisions"}],"wp:featuredmedia":[{"embeddable":true,"href":"https:\/\/www.europesays.com\/ee\/wp-json\/wp\/v2\/media\/262583"}],"wp:attachment":[{"href":"https:\/\/www.europesays.com\/ee\/wp-json\/wp\/v2\/media?parent=262582"}],"wp:term":[{"taxonomy":"category","embeddable":true,"href":"https:\/\/www.europesays.com\/ee\/wp-json\/wp\/v2\/categories?post=262582"},{"taxonomy":"post_tag","embeddable":true,"href":"https:\/\/www.europesays.com\/ee\/wp-json\/wp\/v2\/tags?post=262582"}],"curies":[{"name":"wp","href":"https:\/\/api.w.org\/{rel}","templated":true}]}}