{"id":262592,"date":"2026-08-27T20:10:14","date_gmt":"2026-08-27T20:10:14","guid":{"rendered":"https:\/\/www.europesays.com\/ee\/262592\/"},"modified":"2026-08-27T20:10:14","modified_gmt":"2026-08-27T20:10:14","slug":"uefa-soovib-minna-gianni-infantino-vastu-kohtusse","status":"publish","type":"post","link":"https:\/\/www.europesays.com\/ee\/262592\/","title":{"rendered":"UEFA soovib minna Gianni Infantino vastu kohtusse"},"content":{"rendered":"<p>BBC ajakirjanike k\u00e4tte j\u00f5udnud dokumentidest selgub, et UEFA esitas taotluse juurdep\u00e4\u00e4suks t\u00f5enditele ja dokumentidele, mida saaks kasutada \u0160veitsis toimuvas menetluses nii FIFA presidendi Gianni Infantino kui ka FIFA vastu. UEFA v\u00e4idab, et kogu plaani taga oli Infantino ja erainvestorite soov rikastuda.<\/p>\n<p>\u201eTegelikult oli see Infantino ja v\u00e4ikese investorite ringi jaoks vahend, et omandada p\u00fcsiv osalus FIFA k\u00f5ige v\u00e4\u00e4rtuslikumates varades ja saada sellest kasu. Sellega kahjustati FIFA-t, selle liikmeid ja teisi jalgpalliperekonna osapooli,\u201c seisab UEFA taotluses.<\/p>\n<p>Pahanduste alge ulatub selle aasta juuli l\u00f5ppu, kui Infantino teatas, et FIFA soovib meeste, naiste ja klubide MM-i kommerts\u00f5igused koondada uude t\u00fctarettev\u00f5ttesse FIFA Forward Enterprise (FFE). \u00dchtlasi selgus, et kuni 20% ettev\u00f5ttest plaanitakse m\u00fc\u00fca v\u00e4lisinvestoritele.<\/p>\n<p>Kuid see plaan tuli uudisena pea k\u00f5igile FIFA liikmetele. \u201eInfantino surus plaani FIFA-s l\u00e4bi kiiruga kokku kutsutud koosolekul, kus piiratud arvule FIFA juhtkonna ametnikele ja t\u00f6\u00f6tajatele, kellest m\u00f5ned polnud plaanist varem kuulnud, anti mitme miljardi dollari suuruse skeemi allkirjastamiseks vaid m\u00f5ned tunnid,\u201c j\u00e4tkas UEFA praeguses taotluses.<\/p>\n<p>UEFA on ideele algusest peale vastu olnud. Juuli l\u00f5pus h\u00e4\u00e4letasid k\u00f5ik 55 liikmesliitu \u00fcksmeelselt selle poolt, et kui FIFA plaan l\u00e4heb l\u00e4bi, siis Euroopa riigid MM-il enam ei osale. Seepeale teatas Infantino, et v\u00f5tab plaani tagasi, kuid riikide usaldust pole ta tagasi teeninud.<\/p>\n<p>Osaluse hind olnuks absurdselt madal<\/p>\n<p>UEFA v\u00e4idab ka, et m\u00fc\u00fcdavate osaluste v\u00e4\u00e4rtust ei kontrollitud s\u00f5ltumatult ning need oleks pakutud liiga odavalt. Sealjuures The Times\u2019i p\u00f5hjal poleks 20% osalus l\u00e4inud avalikule pakkumisele, vaid asja oleks vedanud ameeriklaste riskikapitalifirma Thrive, mida veavad Donald Trumpi l\u00e4hikondsed.<\/p>\n<p>\u201eInfantino v\u00e4ljakuulutatud tingimuste kohaselt saanuks need investorid FIFA \u00e4riharus p\u00fcsiva finantsosaluse 4,2 miljardi dollari eest, mille p\u00f5hjal oleks uue ettev\u00f5tte v\u00e4\u00e4rtus absurdselt v\u00e4ike ehk umbes 20 miljardit dollarit. Selle summa m\u00e4\u00e4ramiseks ei kasutatud \u00fchtegi s\u00f5ltumatut hindajat ning osaluse hinda ei pandud avatud oksjonile,\u201c selgitas UEFA.<\/p>\n<p>55 liikmesriiki esindav UEFA p\u00f6\u00f6rdus Florida kohtu poole, sest seal asuvad ettev\u00f5tted, mida FIFA haldas 2026. aasta maailmameistriv\u00f5istluste korraldamiseks. Edasine samm viiks asja juba \u0160veitsi, kus soovitakse algatada kriminaalmenetlus.<\/p>\n<p>\u201eUEFA ja teised huvitatud pooled valmistuvad esitama \u0160veitsis kriminaalhagi Infantino ja v\u00f5imalik, et ka teiste FIFA ametnike ning n\u00f5ustajate vastu. Salajane struktureerimine, hindamine, rahastamine ja turundus tekitasid otsest ja konkreetset kahju FIFA mainele, juhtimis\u00f5igusele ja \u00e4risuhetele, millega kahjustati nii FIFA-t kui ka selle 211 liiget, sealhulgas UEFA 55 liikmesliitu,\u201c seisis avalduses.<\/p>\n<p>\u201eInfantino toona avalikustatud plaani taga oli tema ja v\u00e4ike ring kaasosalisi, kes olid asja enam kui aasta salaja arendanud,\u201c lisas UEFA.<\/p>\n<p>FIFA j\u00e4rgmised presidendivalimised toimuvad 2027. aastal. Kui enne MM-finaalturniiri oli Infantino ametis j\u00e4tkamiseks saanud toetuskirja enam kui 200 FIFA liikmesriigilt, siis n\u00fc\u00fcdseks on paljud alaliidud selle tagasi v\u00f5tnud. Nende seas on ka Eesti.<\/p>\n<p>Kuidas see lugu Sind end tundma pani?Saada<a href=\"https:\/\/sport.delfi.ee\/artikkel\/120606622\/uefa-soovib-minna-gianni-infantino-vastu-kohtusse\/kommentaarid\" class=\"button button--primary button--size-auto article-body-bottom__comment article-body-bottom__comment--write\" style=\"\" rel=\"nofollow noopener\" target=\"_blank\">Kommenteeri<\/a><a href=\"https:\/\/sport.delfi.ee\/artikkel\/120606622\/uefa-soovib-minna-gianni-infantino-vastu-kohtusse\/kommentaarid\" class=\"button button--size-auto article-body-bottom__comment article-body-bottom__comment--read\" style=\"\" rel=\"nofollow noopener\" target=\"_blank\">Loe kommentaare (7)<\/a><\/p>\n","protected":false},"excerpt":{"rendered":"BBC ajakirjanike k\u00e4tte j\u00f5udnud dokumentidest selgub, et UEFA esitas taotluse juurdep\u00e4\u00e4suks t\u00f5enditele ja dokumentidele, mida saaks kasutada \u0160veitsis&hellip;\n","protected":false},"author":2,"featured_media":262593,"comment_status":"","ping_status":"","sticky":false,"template":"","format":"standard","meta":{"footnotes":"","_share_on_mastodon":"0"},"categories":[5],"tags":[26,27,37,33,35,34,36,31,32,3223,3224,21,28,29,19,25,23,24,22,20,30],"class_list":["post-262592","post","type-post","status-publish","format-standard","has-post-thumbnail","category-uldised-uudised","tag-breaking-news","tag-breakingnews","tag-ee","tag-eesti","tag-eesti-keel","tag-estonia","tag-estonian","tag-featured-news","tag-featurednews","tag-fifa","tag-gianni-infantino","tag-headlines","tag-latest-news","tag-latestnews","tag-news","tag-populaarseimad-lood","tag-top-stories","tag-topstories","tag-uldised-uudised","tag-uudised","tag-viimased-uudised"],"share_on_mastodon":{"url":"https:\/\/pubeurope.com\/@ee\/117169292746269547","error":""},"_links":{"self":[{"href":"https:\/\/www.europesays.com\/ee\/wp-json\/wp\/v2\/posts\/262592","targetHints":{"allow":["GET"]}}],"collection":[{"href":"https:\/\/www.europesays.com\/ee\/wp-json\/wp\/v2\/posts"}],"about":[{"href":"https:\/\/www.europesays.com\/ee\/wp-json\/wp\/v2\/types\/post"}],"author":[{"embeddable":true,"href":"https:\/\/www.europesays.com\/ee\/wp-json\/wp\/v2\/users\/2"}],"replies":[{"embeddable":true,"href":"https:\/\/www.europesays.com\/ee\/wp-json\/wp\/v2\/comments?post=262592"}],"version-history":[{"count":0,"href":"https:\/\/www.europesays.com\/ee\/wp-json\/wp\/v2\/posts\/262592\/revisions"}],"wp:featuredmedia":[{"embeddable":true,"href":"https:\/\/www.europesays.com\/ee\/wp-json\/wp\/v2\/media\/262593"}],"wp:attachment":[{"href":"https:\/\/www.europesays.com\/ee\/wp-json\/wp\/v2\/media?parent=262592"}],"wp:term":[{"taxonomy":"category","embeddable":true,"href":"https:\/\/www.europesays.com\/ee\/wp-json\/wp\/v2\/categories?post=262592"},{"taxonomy":"post_tag","embeddable":true,"href":"https:\/\/www.europesays.com\/ee\/wp-json\/wp\/v2\/tags?post=262592"}],"curies":[{"name":"wp","href":"https:\/\/api.w.org\/{rel}","templated":true}]}}