{"id":26260,"date":"2025-10-23T21:24:07","date_gmt":"2025-10-23T21:24:07","guid":{"rendered":"https:\/\/www.europesays.com\/ee\/26260\/"},"modified":"2025-10-23T21:24:07","modified_gmt":"2025-10-23T21:24:07","slug":"kaart-ja-video-louvrei-roovlite-jaljed-jahtuvad-kardetakse-et-ajaloolised-ehted-on-juba-havinud","status":"publish","type":"post","link":"https:\/\/www.europesays.com\/ee\/26260\/","title":{"rendered":"KAART JA VIDEO | Louvre\u2019i r\u00f6\u00f6vlite j\u00e4ljed jahtuvad. Kardetakse, et ajaloolised ehted on juba h\u00e4vinud"},"content":{"rendered":"<p class=\"western\">Prantsuse kultuuriministeerium ja politsei on m\u00f5ru olukorra ees. P\u00fchap\u00e4eval <a rel=\"noopener nofollow\" target=\"_blank\" href=\"https:\/\/www.delfi.ee\/teema\/65649828\/louvre\" tag-id=\"65649828\">Louvre\u2019i<\/a> kunstimuuseumi juveelituba r\u00fc\u00fcstanud murdvargad lipsasid minema ja keisrinnade ehted v\u00f5ivad n\u00fc\u00fcd asuda juba kus tahes \u2013 kui need \u00fcldse enam \u00fches t\u00fckis on. <\/p>\n<p class=\"western\">K\u00f5ik viitab sellele, et kurjategijatele oli suureks abiks vastutavate t\u00f6\u00f6tajate hooletus ja n\u00f5rgad turvameetmed, nagu tunnistas parlamendikomisjoni ees ka muuseumi juht ise. Louvre\u2019i direktriss Laurence des Cars kaebas aga \u00fchtlasi, et valitsus on tema palveid olukorda parandada aastaid ignoreerinud, taristu vananeb ja lisaraha turvameetmete ajakohastamiseks ei anta.<\/p>\n<p>Oled juba tellija?  Logi sisse <\/p>\n<p>       <a href=\"https:\/\/www.delfi.ee\/artikkel\/120412335\/kaart-ja-video-louvre-i-roovlite-jaljed-jahtuvad-kardetakse-et-ajaloolised-ehted-on-juba-havinud\/kommentaarid\" class=\"article-body-bottom__comment article-body-bottom__comment--write button button--primary button--size-auto\" rel=\"nofollow noopener\" target=\"_blank\"><br \/>\n        Kommenteeri<br \/>\n       <\/a> <a href=\"https:\/\/www.delfi.ee\/artikkel\/120412335\/kaart-ja-video-louvre-i-roovlite-jaljed-jahtuvad-kardetakse-et-ajaloolised-ehted-on-juba-havinud\/kommentaarid\" class=\"article-body-bottom__comment article-body-bottom__comment--read button button--size-auto\" rel=\"nofollow noopener\" target=\"_blank\"><br \/>\n        Loe kommentaare  <\/a>  <\/p>\n","protected":false},"excerpt":{"rendered":"Prantsuse kultuuriministeerium ja politsei on m\u00f5ru olukorra ees. P\u00fchap\u00e4eval Louvre\u2019i kunstimuuseumi juveelituba r\u00fc\u00fcstanud murdvargad lipsasid minema ja keisrinnade&hellip;\n","protected":false},"author":2,"featured_media":26261,"comment_status":"","ping_status":"","sticky":false,"template":"","format":"standard","meta":{"footnotes":"","_share_on_mastodon":"0"},"categories":[80],"tags":[26,27,37,33,35,34,36,31,32,21,14273,28,29,12920,95,19,25,52,13319,23,24,22,20,30,92,93,94],"class_list":["post-26260","post","type-post","status-publish","format-standard","has-post-thumbnail","category-maailm","tag-breaking-news","tag-breakingnews","tag-ee","tag-eesti","tag-eesti-keel","tag-estonia","tag-estonian","tag-featured-news","tag-featurednews","tag-headlines","tag-juveeliroov","tag-latest-news","tag-latestnews","tag-louvre","tag-maailm","tag-news","tag-populaarseimad-lood","tag-prantsusmaa","tag-roov","tag-top-stories","tag-topstories","tag-uldised-uudised","tag-uudised","tag-viimased-uudised","tag-world","tag-world-news","tag-worldnews"],"share_on_mastodon":{"url":"https:\/\/pubeurope.com\/@ee\/115425592126428829","error":""},"_links":{"self":[{"href":"https:\/\/www.europesays.com\/ee\/wp-json\/wp\/v2\/posts\/26260","targetHints":{"allow":["GET"]}}],"collection":[{"href":"https:\/\/www.europesays.com\/ee\/wp-json\/wp\/v2\/posts"}],"about":[{"href":"https:\/\/www.europesays.com\/ee\/wp-json\/wp\/v2\/types\/post"}],"author":[{"embeddable":true,"href":"https:\/\/www.europesays.com\/ee\/wp-json\/wp\/v2\/users\/2"}],"replies":[{"embeddable":true,"href":"https:\/\/www.europesays.com\/ee\/wp-json\/wp\/v2\/comments?post=26260"}],"version-history":[{"count":0,"href":"https:\/\/www.europesays.com\/ee\/wp-json\/wp\/v2\/posts\/26260\/revisions"}],"wp:featuredmedia":[{"embeddable":true,"href":"https:\/\/www.europesays.com\/ee\/wp-json\/wp\/v2\/media\/26261"}],"wp:attachment":[{"href":"https:\/\/www.europesays.com\/ee\/wp-json\/wp\/v2\/media?parent=26260"}],"wp:term":[{"taxonomy":"category","embeddable":true,"href":"https:\/\/www.europesays.com\/ee\/wp-json\/wp\/v2\/categories?post=26260"},{"taxonomy":"post_tag","embeddable":true,"href":"https:\/\/www.europesays.com\/ee\/wp-json\/wp\/v2\/tags?post=26260"}],"curies":[{"name":"wp","href":"https:\/\/api.w.org\/{rel}","templated":true}]}}