{"id":262630,"date":"2026-08-27T21:06:36","date_gmt":"2026-08-27T21:06:36","guid":{"rendered":"https:\/\/www.europesays.com\/ee\/262630\/"},"modified":"2026-08-27T21:06:36","modified_gmt":"2026-08-27T21:06:36","slug":"parnu-ja-parnumaa-uritused-puhapaeval-30-augustil","status":"publish","type":"post","link":"https:\/\/www.europesays.com\/ee\/262630\/","title":{"rendered":"P\u00e4rnu ja P\u00e4rnumaa \u00fcritused p\u00fchap\u00e4eval, 30. augustil"},"content":{"rendered":"<p class=\"MsoNormal\">Kuursaalis<br \/>13\u201316 mudilaste ja koolinoorte disko.<\/p>\n<p class=\"MsoNormal\">Porsche ringil<br \/>\u00abP\u00e4rnu Summer Race 2026\u00bb.<\/p>\n<p>P\u00e4rnu muuseumis<br \/>p\u00fcsin\u00e4itus \u00abMadonna ja v\u00f5ti. Manifest ja supelvanker\u00bb.<br \/>Suve- ja nostalgian\u00e4itus \u00abPuhkusemasin\u00bb.<br \/>Galeriiruumis Kuut stendin\u00e4itus \u00abP\u00e4rnumaa \u2013 mis maa see on?\u00bb.<br \/>Avatud T\u2013P 10\u201319.<\/p>\n<p class=\"western\">Uue kunsti muuseumis<br \/>XXXIII rahvusvaheline aktin\u00e4itus \u00abMees ja naine L\u00e4\u00e4nemere lainetel\u00bb.<br \/>Kunstistuudio Aza Nizi Maza (Ukraina) n\u00e4itus \u00abKadunud muinasjutud\u00bb.<br \/>Avatud iga p\u00e4ev 11\u201318.<\/p>\n<p>Kunstnike majas<br \/>Liina Viira isikun\u00e4itus \u00abArgi\u00bb.<br \/>Avatud T\u2013L 11\u201318.<\/p>\n<p>Koidula muuseumis<br \/>Lydia Koidula ja J. V. Jannseni elu tutvustav p\u00fcsiekspositsioon.<br \/>2. korrusel n\u00e4itus \u00abHedvig ja Anna. Koidula t\u00fctred\u00bb.<br \/>Aiagaleriis n\u00e4itus \u00abAnatomia Jannseniana. Perekond Jannsenite ihuh\u00e4dad\u00bb.<br \/>Avatud T\u2013P 10\u201319.<\/p>\n<p>Punases tornis<br \/>p\u00fcsiekspositsioon \u00abAjaloolise Punase torni, keskaegse P\u00e4rnu ja paikkonna lugu\u00bb.<br \/>Avatud T\u2013P 10\u201319.<\/p>\n<p>Punase torni hoovigaleriis<br \/>stendin\u00e4itus \u00abKirik, k\u00f5rts ja kapsamaa\u00bb.<\/p>\n<p>Keskraamatukogu<br \/>1. korruse galeriis Haapsalu graafilise disaini festivali kujundusgraafika konkurss-n\u00e4ituse \u00abMuutused\u00bb t\u00f6\u00f6d.<br \/>1. korruse galeriis ja trepigaleriis Al Paldroki isikun\u00e4itus \u00abMentaalne diversioon\u00bb.<br \/>3. korruse teabekirjanduse osakonnas Aiki J\u00e4rviste foton\u00e4itus \u00abTansaania elur\u00f5\u00f5m\u00bb.<br \/>Avatud E\u2013R 10\u201318, L 10\u201315.<\/p>\n<p>Pernova loodusmajas<br \/>p\u00fcsin\u00e4itus \u00abP\u00e4rnumaa loodus, loomad, linnud\u00bb.<br \/>Tallinna loomaaia fotokonkursi \u00abZoFo 2025\u00bb parimate piltide n\u00e4itus.<br \/>Avatud iga p\u00e4ev 10\u201318.<\/p>\n<p>Nooruse majas<br \/>portselanimaaliseltsi L\u00fcster p\u00fcsin\u00e4itus.<br \/>Avatud E\u2013N 9\u201320, R 10\u201314, P 10\u201312.<\/p>\n<p class=\"western\">Caf\u00e9 Grandis<br \/>Tiina Ojaste ja Mark Kostabi maali- ja graafikan\u00e4itus.<\/p>\n<p>Tori rahvamajas<br \/>n\u00e4itus \u00abPruut ja pits. Pulmad Toris\u00bb.<br \/>Avatud iga p\u00e4ev 12\u201320.<\/p>\n<p class=\"western\">Are raamatukogus<br \/>ARSi kunstistuudio liikme Helle Tamme maalin\u00e4itus \u00abM\u00fcstiline maailm\u00bb.<br \/>Avatud E\u2013R 11\u201318.<\/p>\n<p>P\u00e4rnu-Jaagupi raamatukogus<br \/>ARSi kunstistuudio liikme Maire Niguli maalin\u00e4itus \u00abHetked ja unistused\u00bb.<br \/>Avatud E\u2013R 10\u201318.<\/p>\n<p>Paadrema k\u00fclakeskuses<br \/>Paadrema k\u00fclaseltsi n\u00e4itus \u00abMeie kodud n\u00f5ukaajal\u00bb.<br \/>Avatud eelneval kokkuleppel.<\/p>\n","protected":false},"excerpt":{"rendered":"Kuursaalis13\u201316 mudilaste ja koolinoorte disko. Porsche ringil\u00abP\u00e4rnu Summer Race 2026\u00bb. P\u00e4rnu muuseumisp\u00fcsin\u00e4itus \u00abMadonna ja v\u00f5ti. Manifest ja supelvanker\u00bb.Suve-&hellip;\n","protected":false},"author":2,"featured_media":262631,"comment_status":"","ping_status":"","sticky":false,"template":"","format":"standard","meta":{"footnotes":"","_share_on_mastodon":"0"},"categories":[12],"tags":[26,27,37,33,35,34,36,31,32,21,28,29,19,348,25,23,24,22,359,20,1322,30],"class_list":["post-262630","post","type-post","status-publish","format-standard","has-post-thumbnail","category-eesti","tag-breaking-news","tag-breakingnews","tag-ee","tag-eesti","tag-eesti-keel","tag-estonia","tag-estonian","tag-featured-news","tag-featurednews","tag-headlines","tag-latest-news","tag-latestnews","tag-news","tag-parnu-uritused","tag-populaarseimad-lood","tag-top-stories","tag-topstories","tag-uldised-uudised","tag-urituste-kava","tag-uudised","tag-vaba-aeg","tag-viimased-uudised"],"share_on_mastodon":{"url":"https:\/\/pubeurope.com\/@ee\/117169513171638201","error":""},"_links":{"self":[{"href":"https:\/\/www.europesays.com\/ee\/wp-json\/wp\/v2\/posts\/262630","targetHints":{"allow":["GET"]}}],"collection":[{"href":"https:\/\/www.europesays.com\/ee\/wp-json\/wp\/v2\/posts"}],"about":[{"href":"https:\/\/www.europesays.com\/ee\/wp-json\/wp\/v2\/types\/post"}],"author":[{"embeddable":true,"href":"https:\/\/www.europesays.com\/ee\/wp-json\/wp\/v2\/users\/2"}],"replies":[{"embeddable":true,"href":"https:\/\/www.europesays.com\/ee\/wp-json\/wp\/v2\/comments?post=262630"}],"version-history":[{"count":0,"href":"https:\/\/www.europesays.com\/ee\/wp-json\/wp\/v2\/posts\/262630\/revisions"}],"wp:featuredmedia":[{"embeddable":true,"href":"https:\/\/www.europesays.com\/ee\/wp-json\/wp\/v2\/media\/262631"}],"wp:attachment":[{"href":"https:\/\/www.europesays.com\/ee\/wp-json\/wp\/v2\/media?parent=262630"}],"wp:term":[{"taxonomy":"category","embeddable":true,"href":"https:\/\/www.europesays.com\/ee\/wp-json\/wp\/v2\/categories?post=262630"},{"taxonomy":"post_tag","embeddable":true,"href":"https:\/\/www.europesays.com\/ee\/wp-json\/wp\/v2\/tags?post=262630"}],"curies":[{"name":"wp","href":"https:\/\/api.w.org\/{rel}","templated":true}]}}