{"id":262656,"date":"2026-08-27T21:36:09","date_gmt":"2026-08-27T21:36:09","guid":{"rendered":"https:\/\/www.europesays.com\/ee\/262656\/"},"modified":"2026-08-27T21:36:09","modified_gmt":"2026-08-27T21:36:09","slug":"gent-pooras-raske-seisu-edasipaasuks-thun-kukkus-euroopa-liigast-konverentsiliigasse-andorra-klubi-joudis-pohiturniirile-soccernet-ee","status":"publish","type":"post","link":"https:\/\/www.europesays.com\/ee\/262656\/","title":{"rendered":"Gent p\u00f6\u00f6ras raske seisu edasip\u00e4\u00e4suks, Thun kukkus Euroopa liigast Konverentsiliigasse (Andorra klubi j\u00f5udis p\u00f5hiturniirile!) &#8211; Soccernet.ee"},"content":{"rendered":"<p><img decoding=\"async\" src=\"https:\/\/www.europesays.com\/ee\/wp-content\/uploads\/2026\/08\/1787866569_890_1785361316.jpg\" alt=\"Maksim Paskot\u0161i. Foto: Scanpix \/ Tom Goyvaerts \/ Belga \/ ZUMA Press\"\/>&#13;\n<\/p>\n<p>Eesti koondise keskkaitsja Maksim Paskot\u0161i ja poolkaitsja Mattias K\u00e4idi koduklubid m\u00e4ngivad s\u00fcgisel Konverentsiliiga p\u00f5hiturniiril.<\/p>\n<p>Paskot\u0161i koduklubi Gent, kes leppis Konverentsiliiga viimase eelringi avam\u00e4ngus kodus Hibernianiga 0:0 viiki, ronis \u0160otimaal keerulisest seisust v\u00e4lja. Gent asus korduskohtumist k\u00fcll avapoolaja l\u00f5pus 1:0 juhtima, aga j\u00e4i teisel poolajal 1:2 kaotusseisu. Seej\u00e4rel kallutas Gent m\u00e4ngu ja edasip\u00e4\u00e4su enda kasuks, l\u00fc\u00fces 84. minutil seisuks 2:2 ja esimesel \u00fcleminutil 3:2. Paskot\u0161i j\u00e4lgis korduskohtumist pingilt.&#13;\n<\/p>\n<p>K\u00e4idi koduklubi\u00a0Thun kaotas eelmisel n\u00e4dalal Euroopa liiga viimase eelringi avam\u00e4ngu v\u00f5\u00f5rsil poolakate Poznani Lechile koguni 0:7 ja vajas korduskohtumises imet. Koduv\u00e4ljakul m\u00e4ngiti Lechiga 2:2 viiki ja langeti kahe m\u00e4ngu kokkuv\u00f5ttes 2:9 seisuga Konverentsiliiga p\u00f5hiturniirile. Vigastatud K\u00e4it ei ole sel hooajal jalavigastuse t\u00f5ttu Thuni eest m\u00e4nginud.&#13;\n<\/p>\n<p>Konverentsiliiga p\u00f5hiturniiri m\u00e4ngude loosimine toimub 28. augustil Eesti aja j\u00e4rgi kell 14.00. Gent kuulub tugevuselt viiendasse ja Thun kuuendasse tugevusgruppi.<\/p>\n<p>Konverentsiliiga kolmandas eelringis FC Flora alistanud Andorra meister Escaldesi Club Inter j\u00f5udis p\u00f5hiturniirile, alistades kahe m\u00e4ngu kokkuv\u00f5ttes Kosovo meistri Drita penaltiseerias. Avam\u00e4ng Kosovos j\u00e4i 2:2 viiki, korduskohtumine Andorras 0:0 viiki ja penaltiseerias oli Inter 4:2 parem. Varem pole \u00fckski Andorra klubi eurosarjas nii kaugele j\u00f5udnud.&#13;\n<\/p>\n<p>Teiste seas on Konverentsiliiga p\u00f5hiturniiril esindatud Soome ja L\u00e4ti klubid, sest KuPS alistas kodus Shamrock Roversi 1:0 ja edenes koondskooriga 2:1 edasi ning Riia FC sai p\u00e4rast v\u00f5\u00f5rsil tehtud 0:0 viiki kodus Klaksvikist 2:1 jagu. Taani klubid Kopenhaagen,\u00a0Midtjylland\u00a0ja Nordsjaelland j\u00f5udsid samuti p\u00f5hiturniirile, alistades kahe m\u00e4ngu kokkuv\u00f5ttes vastavalt Turu Inter 4:1, Rijeka 6:1 ja St. Galleni 4:2.&#13;\n<\/p>\n<p>Promise Davidi koduklubi Brighton, kes leppis avam\u00e4ngus v\u00f5\u00f5rsil 0:0 viiki Tr\u00f6msoga, alistas kodus norralased 4:0. Suvises \u00fcleminekuaknas Brightoniga liitunud David koosseisu ei kuulunud.\u00a0&#13;\n<\/p>\n<p>Euroopa liiga kaudu kukkusid Konverentsiliigasse n\u00e4iteks leedukate Kaunase \u017dalgiris, rootslaste Mj\u00e4llby ja taanlaste Aarhus, kes kaotasid vastavalt Besiktasele, Salzburgile ja Benficale.<\/p>\n","protected":false},"excerpt":{"rendered":"&#13; Eesti koondise keskkaitsja Maksim Paskot\u0161i ja poolkaitsja Mattias K\u00e4idi koduklubid m\u00e4ngivad s\u00fcgisel Konverentsiliiga p\u00f5hiturniiril. Paskot\u0161i koduklubi Gent,&hellip;\n","protected":false},"author":2,"featured_media":262657,"comment_status":"","ping_status":"","sticky":false,"template":"","format":"standard","meta":{"footnotes":"","_share_on_mastodon":"0"},"categories":[18],"tags":[37,33,35,34,36,3680,3091,6576,7310,3094,5651,3096,159,158,8582],"class_list":["post-262656","post","type-post","status-publish","format-standard","has-post-thumbnail","category-sport","tag-ee","tag-eesti","tag-eesti-keel","tag-estonia","tag-estonian","tag-euroopa-liiga","tag-gent","tag-kait","tag-konverentsiliiga","tag-maksim-paskotsi","tag-mattias-kait","tag-paskotsi","tag-sport","tag-sports","tag-thun"],"share_on_mastodon":{"url":"https:\/\/pubeurope.com\/@ee\/117169631196286732","error":""},"_links":{"self":[{"href":"https:\/\/www.europesays.com\/ee\/wp-json\/wp\/v2\/posts\/262656","targetHints":{"allow":["GET"]}}],"collection":[{"href":"https:\/\/www.europesays.com\/ee\/wp-json\/wp\/v2\/posts"}],"about":[{"href":"https:\/\/www.europesays.com\/ee\/wp-json\/wp\/v2\/types\/post"}],"author":[{"embeddable":true,"href":"https:\/\/www.europesays.com\/ee\/wp-json\/wp\/v2\/users\/2"}],"replies":[{"embeddable":true,"href":"https:\/\/www.europesays.com\/ee\/wp-json\/wp\/v2\/comments?post=262656"}],"version-history":[{"count":0,"href":"https:\/\/www.europesays.com\/ee\/wp-json\/wp\/v2\/posts\/262656\/revisions"}],"wp:featuredmedia":[{"embeddable":true,"href":"https:\/\/www.europesays.com\/ee\/wp-json\/wp\/v2\/media\/262657"}],"wp:attachment":[{"href":"https:\/\/www.europesays.com\/ee\/wp-json\/wp\/v2\/media?parent=262656"}],"wp:term":[{"taxonomy":"category","embeddable":true,"href":"https:\/\/www.europesays.com\/ee\/wp-json\/wp\/v2\/categories?post=262656"},{"taxonomy":"post_tag","embeddable":true,"href":"https:\/\/www.europesays.com\/ee\/wp-json\/wp\/v2\/tags?post=262656"}],"curies":[{"name":"wp","href":"https:\/\/api.w.org\/{rel}","templated":true}]}}