{"id":262696,"date":"2026-08-28T00:35:12","date_gmt":"2026-08-28T00:35:12","guid":{"rendered":"https:\/\/www.europesays.com\/ee\/262696\/"},"modified":"2026-08-28T00:35:12","modified_gmt":"2026-08-28T00:35:12","slug":"juhtkiri-%e2%9f%a9-eesti-rahanduse-tuleviku-kohal-holjuvad-tumedad-pilved","status":"publish","type":"post","link":"https:\/\/www.europesays.com\/ee\/262696\/","title":{"rendered":"JUHTKIRI \u27e9 Eesti rahanduse tuleviku kohal h\u00f5ljuvad tumedad pilved"},"content":{"rendered":"<p class=\"western\">Rahandusministeerium prognoosib 2,5-protsendilist kasvu selleks aastaks ja peaaegu sama suurt kasvu j\u00e4rgmiseks aastaks. V\u00e4ike majanduskasv on parem kui paigalseis v\u00f5i langus. Ka hinnakasv peaks sel aastal olema vaid 3,2 protsenti ja tuleval aastal isegi v\u00e4hem kui kolm protsenti.<\/p>\n<p class=\"western\">Rahandusministeerium selgitas, et majanduskasvu aitavad tagant t\u00f5ugata \u00fcle 30 aasta k\u00f5rgeimad valitsussektori investeeringud. V\u00e4lja toodi eraldi Rail Balticu ehitus ja kaitseinvesteeringuid. Kasutusele on v\u00f5etud ka palju v\u00e4lisvahendeid. Osalt on needki seotud Rail Balticu ehitusega, aga osalt Euroopa Liidu eelarveperioodi l\u00f5ppemisega. See t\u00e4hendab, et eurotoetused tuleb \u00e4ra kasutada.<\/p>\n<p class=\"western\">Valitsuse investeeringutele p\u00f5hinev v\u00e4ike majanduskasv suurt stabiilsust tulevikuks ei ennusta. N\u00e4iteks Rail Balticu ehitus kasvatab praegu k\u00fcll majandust, kuid valmis saades saab sellest p\u00fcsiv kulu-, mitte tuluallikas. Seda juba asjaolu t\u00f5ttu, et j\u00e4rgnevatel aastatel pole Rail Balticu rongidel v\u00f5imalik s\u00f5ita \u00fchtegi kaubanduslikult tulusasse kohta, sest r\u00f6\u00f6pad saavad L\u00e4ti piiril otsa.<\/p>\n<blockquote class=\"quote ck-widget\" contenteditable=\"false\">\n<p>Rahandusministeeriumi prognoos n\u00e4itab, et suur defitsiit tuleb peamiselt kaitsekulude kiirest kasvust.<\/p>\n<\/blockquote>\n<p class=\"western\">K\u00f5ige tumedam pilv Eesti rahanduses puudutab siiski eelarvedefitsiiti, mis prognoosi j\u00e4rgi t\u00e4hendab, et 2030. aastal tuleb ainu\u00fcksi laenuintressideks maksta 656 miljonit eurot. Eesti Panga asepresident kirjutas hiljaaegu Postimehe arvamusk\u00fcljel, et 2036. aastal tuleb hakata maksma lausa miljard eurot aastas puhtalt laenu teenindamiseks. See on sama suur summa, kui 2024. aastal kulus n\u00e4iteks pere- ja lastetoetustele.<\/p>\n<p class=\"western\">Rahandusministeeriumi prognoos n\u00e4itab, et suur defitsiit tuleb peamiselt kaitsekulude kiirest kasvust. Rahandusministeeriumi esitluseski oli eraldi kirjas lause, et riigirahandus pole kohanenud kaitsekulu j\u00e4rsu t\u00f5usuga. Samas pole seni keegi v\u00e4lja k\u00e4inud \u00fchtegi lahendust, kuidas kaitsekulutusi j\u00e4tkusuutlikult teenindada.<\/p>\n","protected":false},"excerpt":{"rendered":"Rahandusministeerium prognoosib 2,5-protsendilist kasvu selleks aastaks ja peaaegu sama suurt kasvu j\u00e4rgmiseks aastaks. V\u00e4ike majanduskasv on parem kui&hellip;\n","protected":false},"author":2,"featured_media":262697,"comment_status":"","ping_status":"","sticky":false,"template":"","format":"standard","meta":{"footnotes":"","_share_on_mastodon":"0"},"categories":[12],"tags":[26,27,37,8330,33,35,2183,34,36,590,31,32,21,3722,4577,3228,79779,28,29,2198,2675,6917,19,25,1013,2268,101830,23,24,22,20,30],"class_list":["post-262696","post","type-post","status-publish","format-standard","has-post-thumbnail","category-eesti","tag-breaking-news","tag-breakingnews","tag-ee","tag-eelarvedefitsiit","tag-eesti","tag-eesti-keel","tag-eesti-pank","tag-estonia","tag-estonian","tag-euroopa-liit","tag-featured-news","tag-featurednews","tag-headlines","tag-inflatsioon","tag-kaitseinvesteeringud","tag-kaitsekulud","tag-laenuintressid","tag-latest-news","tag-latestnews","tag-majanduskasv","tag-majandusprognoos","tag-maksutulu","tag-news","tag-populaarseimad-lood","tag-rahandusministeerium","tag-rail-baltic","tag-riigikaitse-rahastamine","tag-top-stories","tag-topstories","tag-uldised-uudised","tag-uudised","tag-viimased-uudised"],"share_on_mastodon":{"url":"","error":"Validation failed: Text character limit of 500 exceeded"},"_links":{"self":[{"href":"https:\/\/www.europesays.com\/ee\/wp-json\/wp\/v2\/posts\/262696","targetHints":{"allow":["GET"]}}],"collection":[{"href":"https:\/\/www.europesays.com\/ee\/wp-json\/wp\/v2\/posts"}],"about":[{"href":"https:\/\/www.europesays.com\/ee\/wp-json\/wp\/v2\/types\/post"}],"author":[{"embeddable":true,"href":"https:\/\/www.europesays.com\/ee\/wp-json\/wp\/v2\/users\/2"}],"replies":[{"embeddable":true,"href":"https:\/\/www.europesays.com\/ee\/wp-json\/wp\/v2\/comments?post=262696"}],"version-history":[{"count":0,"href":"https:\/\/www.europesays.com\/ee\/wp-json\/wp\/v2\/posts\/262696\/revisions"}],"wp:featuredmedia":[{"embeddable":true,"href":"https:\/\/www.europesays.com\/ee\/wp-json\/wp\/v2\/media\/262697"}],"wp:attachment":[{"href":"https:\/\/www.europesays.com\/ee\/wp-json\/wp\/v2\/media?parent=262696"}],"wp:term":[{"taxonomy":"category","embeddable":true,"href":"https:\/\/www.europesays.com\/ee\/wp-json\/wp\/v2\/categories?post=262696"},{"taxonomy":"post_tag","embeddable":true,"href":"https:\/\/www.europesays.com\/ee\/wp-json\/wp\/v2\/tags?post=262696"}],"curies":[{"name":"wp","href":"https:\/\/api.w.org\/{rel}","templated":true}]}}