{"id":262710,"date":"2026-08-28T01:16:18","date_gmt":"2026-08-28T01:16:18","guid":{"rendered":"https:\/\/www.europesays.com\/ee\/262710\/"},"modified":"2026-08-28T01:16:18","modified_gmt":"2026-08-28T01:16:18","slug":"colapinto-solmis-alpineiga-uue-lepingu-vormelisport","status":"publish","type":"post","link":"https:\/\/www.europesays.com\/ee\/262710\/","title":{"rendered":"Colapinto s\u00f5lmis Alpine&#8217;iga uue lepingu | Vormelisport"},"content":{"rendered":"<p>Vormelis\u00f5itja Paul Aroni tiimikaaslane Franco Colapinto pikendas lepingut Alpine&#8217;iga 2027. aasta l\u00f5puni.<\/p>\n<p>23-aastane Colapinto alustas mullust hooaega Alpine&#8217;is varus\u00f5itja rollis, aga meeskond otsustas ta p\u00e4rast kuuendat etappi austraallase Jack Doohani asemel p\u00f5his\u00f5itjaks edutada. K\u00e4imasoleval hooajal on Colapinto teeninud punkte kuuelt etapilt, sealjuures saavutas maikuus toimunud Kanada GP-l oma karj\u00e4\u00e4ri seni parima kuuenda koha.<\/p>\n<p>Colapinto uus leping t\u00e4hendab \u00fchtlasi seda, et Alpine&#8217;i p\u00f5his\u00f5itjad j\u00e4rgmiseks hooajaks on paigas, sest prantslase Pierre Gasly leping meeskonnaga kestab 2028. aasta l\u00f5puni.<\/p>\n<p>&#8220;Minu jaoks on j\u00e4rjepidevus v\u00e4ga oluline. Pilootide osas on meil n\u00fc\u00fcd k\u00f5ik paigas,&#8221; kommenteeris Alpine&#8217;i juht Flavio Briatore. &#8220;Olen korduvalt r\u00f5hutanud, et kuigi piloodid on oluline osa \u00fcldpildist, siis k\u00f5ige t\u00e4htsam on disainida ja ehitada kiire vormel. See j\u00e4\u00e4b kindlasti meie peamiseks prioriteediks,&#8221; j\u00e4tkas ta.<\/p>\n<p>&#8220;Oleme sel hooajal n\u00e4inud, kuidas Franco on m\u00e4rgatavalt arenenud ja kasvanud suurep\u00e4raseks piloodiks. Tema tulemused Montrealis ja Miamis kinnitasid seda, mida ma juba teadsin: Franco kuulub vormel-1 sarja ja ta kuulub meie meeskonda,&#8221; lisas Briatore.<\/p>\n<p>Colapinto hoiab hetkel MM-sarjas s\u00f5itjate \u00fcldarvestuses 19 punktiga 12. kohta. Konstruktorite arvestuses asub Alpine kuuendal positsioonil (63 p).<\/p>\n","protected":false},"excerpt":{"rendered":"Vormelis\u00f5itja Paul Aroni tiimikaaslane Franco Colapinto pikendas lepingut Alpine&#8217;iga 2027. aasta l\u00f5puni. 23-aastane Colapinto alustas mullust hooaega Alpine&#8217;is&hellip;\n","protected":false},"author":2,"featured_media":262711,"comment_status":"","ping_status":"","sticky":false,"template":"","format":"standard","meta":{"footnotes":"","_share_on_mastodon":"0"},"categories":[18],"tags":[14528,37,33,35,34,36,1165,159,158,4487],"class_list":["post-262710","post","type-post","status-publish","format-standard","has-post-thumbnail","category-sport","tag-alpine-f1","tag-ee","tag-eesti","tag-eesti-keel","tag-estonia","tag-estonian","tag-franco-colapinto","tag-sport","tag-sports","tag-vormel-1"],"share_on_mastodon":{"url":"https:\/\/pubeurope.com\/@ee\/117170496034066888","error":""},"_links":{"self":[{"href":"https:\/\/www.europesays.com\/ee\/wp-json\/wp\/v2\/posts\/262710","targetHints":{"allow":["GET"]}}],"collection":[{"href":"https:\/\/www.europesays.com\/ee\/wp-json\/wp\/v2\/posts"}],"about":[{"href":"https:\/\/www.europesays.com\/ee\/wp-json\/wp\/v2\/types\/post"}],"author":[{"embeddable":true,"href":"https:\/\/www.europesays.com\/ee\/wp-json\/wp\/v2\/users\/2"}],"replies":[{"embeddable":true,"href":"https:\/\/www.europesays.com\/ee\/wp-json\/wp\/v2\/comments?post=262710"}],"version-history":[{"count":0,"href":"https:\/\/www.europesays.com\/ee\/wp-json\/wp\/v2\/posts\/262710\/revisions"}],"wp:featuredmedia":[{"embeddable":true,"href":"https:\/\/www.europesays.com\/ee\/wp-json\/wp\/v2\/media\/262711"}],"wp:attachment":[{"href":"https:\/\/www.europesays.com\/ee\/wp-json\/wp\/v2\/media?parent=262710"}],"wp:term":[{"taxonomy":"category","embeddable":true,"href":"https:\/\/www.europesays.com\/ee\/wp-json\/wp\/v2\/categories?post=262710"},{"taxonomy":"post_tag","embeddable":true,"href":"https:\/\/www.europesays.com\/ee\/wp-json\/wp\/v2\/tags?post=262710"}],"curies":[{"name":"wp","href":"https:\/\/api.w.org\/{rel}","templated":true}]}}