{"id":262720,"date":"2026-08-28T02:03:25","date_gmt":"2026-08-28T02:03:25","guid":{"rendered":"https:\/\/www.europesays.com\/ee\/262720\/"},"modified":"2026-08-28T02:03:25","modified_gmt":"2026-08-28T02:03:25","slug":"skeemitamine-koogiviljade-kasvatus-tegi-hiigelhuppe-riik-kahtlustab-ebaausat-tegevust","status":"publish","type":"post","link":"https:\/\/www.europesays.com\/ee\/262720\/","title":{"rendered":"Skeemitamine? K\u00f6\u00f6giviljade kasvatus tegi hiigelh\u00fcppe, riik kahtlustab ebaausat tegevust"},"content":{"rendered":"<p><img decoding=\"async\" src=\"https:\/\/www.europesays.com\/ee\/wp-content\/uploads\/2026\/08\/4eaaf4d6-5e48-4610-9efe-1b0d0eac7e19.jpg\" loading=\"lazy\"\/><\/p>\n<p>FOTO: Argo Ingver| Delfi Meedia\/Pixabay<\/p>\n<p>Regionaal- ja P\u00f5llumajandusministeeriumi p\u00f5llumajanduspoliitika osakonna juhataja Kristel Maidre r\u00e4\u00e4kis Aiandusfoorumil Eesti k\u00f6\u00f6giviljasektori kiiretest muutustest. Kui veel m\u00f5ni aasta tagasi kasvas avamaa k\u00f6\u00f6giviljade pind pigem tagasihoidlikult, siis viimasel kahel aastal on kasv olnud juba h\u00fcppeline.<\/p>\n","protected":false},"excerpt":{"rendered":"FOTO: Argo Ingver| Delfi Meedia\/Pixabay Regionaal- ja P\u00f5llumajandusministeeriumi p\u00f5llumajanduspoliitika osakonna juhataja Kristel Maidre r\u00e4\u00e4kis Aiandusfoorumil Eesti k\u00f6\u00f6giviljasektori kiiretest&hellip;\n","protected":false},"author":2,"featured_media":262721,"comment_status":"","ping_status":"","sticky":false,"template":"","format":"standard","meta":{"footnotes":"","_share_on_mastodon":"0"},"categories":[12],"tags":[26,27,37,33,35,34,36,31,32,21,44,28,29,98606,19,34977,25,18917,3446,3884,23,24,22,20,30],"class_list":["post-262720","post","type-post","status-publish","format-standard","has-post-thumbnail","category-eesti","tag-breaking-news","tag-breakingnews","tag-ee","tag-eesti","tag-eesti-keel","tag-estonia","tag-estonian","tag-featured-news","tag-featurednews","tag-headlines","tag-koogiviljakasvatus","tag-latest-news","tag-latestnews","tag-naeris","tag-news","tag-pollumajandustoetused","tag-populaarseimad-lood","tag-porgand","tag-pria","tag-regionaal-ja-pollumajandusministeerium","tag-top-stories","tag-topstories","tag-uldised-uudised","tag-uudised","tag-viimased-uudised"],"share_on_mastodon":{"url":"https:\/\/pubeurope.com\/@ee\/117170681552149102","error":""},"_links":{"self":[{"href":"https:\/\/www.europesays.com\/ee\/wp-json\/wp\/v2\/posts\/262720","targetHints":{"allow":["GET"]}}],"collection":[{"href":"https:\/\/www.europesays.com\/ee\/wp-json\/wp\/v2\/posts"}],"about":[{"href":"https:\/\/www.europesays.com\/ee\/wp-json\/wp\/v2\/types\/post"}],"author":[{"embeddable":true,"href":"https:\/\/www.europesays.com\/ee\/wp-json\/wp\/v2\/users\/2"}],"replies":[{"embeddable":true,"href":"https:\/\/www.europesays.com\/ee\/wp-json\/wp\/v2\/comments?post=262720"}],"version-history":[{"count":0,"href":"https:\/\/www.europesays.com\/ee\/wp-json\/wp\/v2\/posts\/262720\/revisions"}],"wp:featuredmedia":[{"embeddable":true,"href":"https:\/\/www.europesays.com\/ee\/wp-json\/wp\/v2\/media\/262721"}],"wp:attachment":[{"href":"https:\/\/www.europesays.com\/ee\/wp-json\/wp\/v2\/media?parent=262720"}],"wp:term":[{"taxonomy":"category","embeddable":true,"href":"https:\/\/www.europesays.com\/ee\/wp-json\/wp\/v2\/categories?post=262720"},{"taxonomy":"post_tag","embeddable":true,"href":"https:\/\/www.europesays.com\/ee\/wp-json\/wp\/v2\/tags?post=262720"}],"curies":[{"name":"wp","href":"https:\/\/api.w.org\/{rel}","templated":true}]}}