{"id":262722,"date":"2026-08-28T02:46:26","date_gmt":"2026-08-28T02:46:26","guid":{"rendered":"https:\/\/www.europesays.com\/ee\/262722\/"},"modified":"2026-08-28T02:46:26","modified_gmt":"2026-08-28T02:46:26","slug":"lati-valimised-%e2%9f%a9-arvamuskusitlustes-juhib-kulbergsi-partei","status":"publish","type":"post","link":"https:\/\/www.europesays.com\/ee\/262722\/","title":{"rendered":"L\u00c4TI VALIMISED \u27e9 Arvamusk\u00fcsitlustes juhib Kulbergsi partei"},"content":{"rendered":"<p>L\u00e4ti peaministri Andris Kulbergsi poliitilise j\u00f5u \u00dchendatud Nimekiri (Apvienotais Saraksts) toetus kasvas augustis, teiste koalitsioonierakondade populaarsus aga kahanes, n\u00e4itavad L\u00e4ti televisiooni tellitud SKDS-i k\u00fcsitluse tulemused.<\/p>\n<p>K\u00fcsitlus viidi l\u00e4bi 13.\u201319. augustini ja vastajailt uuriti, millise erakonna v\u00f5i \u00fchenduse poolt nad h\u00e4\u00e4letaksid, kui valimised toimuksid homme, mitte 3. oktoobril, nagu tegelikult.<\/p>\n","protected":false},"excerpt":{"rendered":"L\u00e4ti peaministri Andris Kulbergsi poliitilise j\u00f5u \u00dchendatud Nimekiri (Apvienotais Saraksts) toetus kasvas augustis, teiste koalitsioonierakondade populaarsus aga kahanes,&hellip;\n","protected":false},"author":2,"featured_media":262723,"comment_status":"","ping_status":"","sticky":false,"template":"","format":"standard","meta":{"footnotes":"","_share_on_mastodon":"0"},"categories":[80],"tags":[26,27,37,33,35,34,36,31,32,21,28,29,114,95,19,25,21208,23,24,22,20,670,30,92,93,94],"class_list":["post-262722","post","type-post","status-publish","format-standard","has-post-thumbnail","category-maailm","tag-breaking-news","tag-breakingnews","tag-ee","tag-eesti","tag-eesti-keel","tag-estonia","tag-estonian","tag-featured-news","tag-featurednews","tag-headlines","tag-latest-news","tag-latestnews","tag-lati","tag-maailm","tag-news","tag-populaarseimad-lood","tag-seim","tag-top-stories","tag-topstories","tag-uldised-uudised","tag-uudised","tag-valimised","tag-viimased-uudised","tag-world","tag-world-news","tag-worldnews"],"share_on_mastodon":{"url":"https:\/\/pubeurope.com\/@ee\/117170849865938449","error":""},"_links":{"self":[{"href":"https:\/\/www.europesays.com\/ee\/wp-json\/wp\/v2\/posts\/262722","targetHints":{"allow":["GET"]}}],"collection":[{"href":"https:\/\/www.europesays.com\/ee\/wp-json\/wp\/v2\/posts"}],"about":[{"href":"https:\/\/www.europesays.com\/ee\/wp-json\/wp\/v2\/types\/post"}],"author":[{"embeddable":true,"href":"https:\/\/www.europesays.com\/ee\/wp-json\/wp\/v2\/users\/2"}],"replies":[{"embeddable":true,"href":"https:\/\/www.europesays.com\/ee\/wp-json\/wp\/v2\/comments?post=262722"}],"version-history":[{"count":0,"href":"https:\/\/www.europesays.com\/ee\/wp-json\/wp\/v2\/posts\/262722\/revisions"}],"wp:featuredmedia":[{"embeddable":true,"href":"https:\/\/www.europesays.com\/ee\/wp-json\/wp\/v2\/media\/262723"}],"wp:attachment":[{"href":"https:\/\/www.europesays.com\/ee\/wp-json\/wp\/v2\/media?parent=262722"}],"wp:term":[{"taxonomy":"category","embeddable":true,"href":"https:\/\/www.europesays.com\/ee\/wp-json\/wp\/v2\/categories?post=262722"},{"taxonomy":"post_tag","embeddable":true,"href":"https:\/\/www.europesays.com\/ee\/wp-json\/wp\/v2\/tags?post=262722"}],"curies":[{"name":"wp","href":"https:\/\/api.w.org\/{rel}","templated":true}]}}