{"id":262732,"date":"2026-08-28T03:30:09","date_gmt":"2026-08-28T03:30:09","guid":{"rendered":"https:\/\/www.europesays.com\/ee\/262732\/"},"modified":"2026-08-28T03:30:09","modified_gmt":"2026-08-28T03:30:09","slug":"iisrael-vottis-palestiinlaste-laanekaldalt-torjumise-tooriistakastist-jargmise-haamri","status":"publish","type":"post","link":"https:\/\/www.europesays.com\/ee\/262732\/","title":{"rendered":"Iisrael v\u00f5ttis palestiinlaste L\u00e4\u00e4nekaldalt t\u00f5rjumise t\u00f6\u00f6riistakastist j\u00e4rgmise haamri"},"content":{"rendered":"<p>Iisraeli armee ja asunike v\u00e4givald palestiinlaste vastu on suurendanud Euroopa Liidu kriitikat ja Iisraeli suhtes. EL-i diplomaatias t\u00e4hendab see viisaka keelekasutusega, aga m\u00f5ningate \u00e4kiliselt k\u00f5lavate s\u00f5nadega t\u00e4iendatud avaldusi. Iisraeli valitsuse esindajad on vastanud kr\u00f5bedamalt ja kaitsnud enda \u00f5igust palestiinlaste maale, kuigi seda \u00f5igust neil ei ole. <\/p>\n<p>\u201eEL-i seisukoht on selge: Iisraeli asundused Jordani L\u00e4\u00e4nekaldal, sealhulgas E1 piirkonnas, on rahvusvahelise \u00f5iguse kohaselt ebaseaduslikud,\u201c <a rel=\"noopener follow nofollow\" target=\"_blank\" href=\"https:\/\/www.eeas.europa.eu\/eeas\/statement-high-representative-israels-e1-west-bank-settlement-plan_en?channel=eeas_press_alerts&amp;date=2026-08-23&amp;newsid=0&amp;langid=en&amp;source=mail&amp;etrans=et\" data-rel-date-range=\"[]\">teatas<\/a> Euroopa Liidu k\u00f5rge v\u00e4lisesindaja <a rel=\"noopener nofollow\" target=\"_blank\" href=\"https:\/\/www.delfi.ee\/teema\/39416397\/kaja-kallas\" data-rel-date-range=\"[]\">Kaja Kallase<\/a> b\u00fcroo 23. augustil. See oli Euroopast tulnud viimane n\u00e4puviibutus, kuigi neid on tehtud regulaarselt. <\/p>\n<p>E1 on asunduste rajamise projekt, mis n\u00e4eb ette umbes 3400 uue kodu ehitamist. Need ehitataks 12 km\u00b2 suurusele alale Ida-Jeruusalemmast idas. Ehitushanke korraldamine t\u00e4hendab seda, et kui Iisrael selle enne valimisi l\u00f5pule viib, on uuel valitsusel seda keeruline muuta. See avab tee uute asunduste rajamiseks palestiinlaste maale.  <\/p>\n<p><a href=\"https:\/\/www.delfi.ee\/artikkel\/120606533\/iisrael-vottis-palestiinlaste-laanekaldalt-torjumise-tooriistakastist-jargmise-haamri\/kommentaarid\" class=\"button button--primary button--size-auto article-body-bottom__comment article-body-bottom__comment--write\" style=\"\" rel=\"nofollow noopener\" target=\"_blank\">Kommenteeri<\/a><a href=\"https:\/\/www.delfi.ee\/artikkel\/120606533\/iisrael-vottis-palestiinlaste-laanekaldalt-torjumise-tooriistakastist-jargmise-haamri\/kommentaarid\" class=\"button button--size-auto article-body-bottom__comment article-body-bottom__comment--read\" style=\"\" rel=\"nofollow noopener\" target=\"_blank\">Loe kommentaare (1)<\/a><\/p>\n","protected":false},"excerpt":{"rendered":"Iisraeli armee ja asunike v\u00e4givald palestiinlaste vastu on suurendanud Euroopa Liidu kriitikat ja Iisraeli suhtes. EL-i diplomaatias t\u00e4hendab&hellip;\n","protected":false},"author":2,"featured_media":262733,"comment_status":"","ping_status":"","sticky":false,"template":"","format":"standard","meta":{"footnotes":"","_share_on_mastodon":"0"},"categories":[80],"tags":[621,26,27,37,33,35,34,36,590,31,32,620,764,21,619,1590,4035,3519,1639,3493,28,29,95,19,1560,25,23,24,22,20,30,92,93,94],"class_list":["post-262732","post","type-post","status-publish","format-standard","has-post-thumbnail","category-maailm","tag-benjamin-netanyahu","tag-breaking-news","tag-breakingnews","tag-ee","tag-eesti","tag-eesti-keel","tag-estonia","tag-estonian","tag-euroopa-liit","tag-featured-news","tag-featurednews","tag-gaza","tag-hamas","tag-headlines","tag-iisrael","tag-iisrael-palestiina","tag-iisraeli-kaitsevagi","tag-iisraeli-palestiina-konflikt","tag-kaja-kallas","tag-laanekallas","tag-latest-news","tag-latestnews","tag-maailm","tag-news","tag-palestiina-riik","tag-populaarseimad-lood","tag-top-stories","tag-topstories","tag-uldised-uudised","tag-uudised","tag-viimased-uudised","tag-world","tag-world-news","tag-worldnews"],"share_on_mastodon":{"url":"","error":"Validation failed: Text character limit of 500 exceeded"},"_links":{"self":[{"href":"https:\/\/www.europesays.com\/ee\/wp-json\/wp\/v2\/posts\/262732","targetHints":{"allow":["GET"]}}],"collection":[{"href":"https:\/\/www.europesays.com\/ee\/wp-json\/wp\/v2\/posts"}],"about":[{"href":"https:\/\/www.europesays.com\/ee\/wp-json\/wp\/v2\/types\/post"}],"author":[{"embeddable":true,"href":"https:\/\/www.europesays.com\/ee\/wp-json\/wp\/v2\/users\/2"}],"replies":[{"embeddable":true,"href":"https:\/\/www.europesays.com\/ee\/wp-json\/wp\/v2\/comments?post=262732"}],"version-history":[{"count":0,"href":"https:\/\/www.europesays.com\/ee\/wp-json\/wp\/v2\/posts\/262732\/revisions"}],"wp:featuredmedia":[{"embeddable":true,"href":"https:\/\/www.europesays.com\/ee\/wp-json\/wp\/v2\/media\/262733"}],"wp:attachment":[{"href":"https:\/\/www.europesays.com\/ee\/wp-json\/wp\/v2\/media?parent=262732"}],"wp:term":[{"taxonomy":"category","embeddable":true,"href":"https:\/\/www.europesays.com\/ee\/wp-json\/wp\/v2\/categories?post=262732"},{"taxonomy":"post_tag","embeddable":true,"href":"https:\/\/www.europesays.com\/ee\/wp-json\/wp\/v2\/tags?post=262732"}],"curies":[{"name":"wp","href":"https:\/\/api.w.org\/{rel}","templated":true}]}}