{"id":262798,"date":"2026-08-28T05:33:15","date_gmt":"2026-08-28T05:33:15","guid":{"rendered":"https:\/\/www.europesays.com\/ee\/262798\/"},"modified":"2026-08-28T05:33:15","modified_gmt":"2026-08-28T05:33:15","slug":"venemaa-tegi-kiievile-rekordpika-ohurunnaku-valismaa","status":"publish","type":"post","link":"https:\/\/www.europesays.com\/ee\/262798\/","title":{"rendered":"Venemaa tegi Kiievile rekordpika \u00f5hur\u00fcnnaku | V\u00e4lismaa"},"content":{"rendered":"<p>Oluline Venemaa-Ukraina s\u00f5jas reedel, 28. augustil kell 5.55:<\/p>\n<p><a href=\"#rekord\">&#8211; Venemaa tegi Kiievile rekordpika \u00f5hur\u00fcnnaku;<\/a><\/p>\n<p><a href=\"#majandus\">&#8211; Ukraina majanduskasv pidurdub Venemaa \u00f5hur\u00fcnnakute j\u00e4tkudes;<\/a><\/p>\n<p><a href=\"#herson\">&#8211; Hersoni v\u00f5imud kutsusid elanikke linnast lahkuma;<\/a><\/p>\n<p><a id=\"rekord\"\/>Venemaa tegi Kiievile rekordpika \u00f5hur\u00fcnnaku<\/p>\n<p>Kiievis registreeriti neljap\u00e4eva, 27. augusti jooksul 13 \u00f5huh\u00e4iret, mis on Ukraina pealinna \u00fche p\u00e4eva jooksul tabanud Vene \u00f5hur\u00fcnnakute rekord alates Venemaa t\u00e4iemahulise sissetungi algusest 2022. aasta veebruaris. Plahvatused j\u00e4tkusid ka \u00f6\u00f6l vastu reedet.<\/p>\n<p>Ukraina v\u00e4lisministeeriumi andmetel veetis Kiiev p\u00e4eva jooksul \u00f5huh\u00e4irete all kokku 872 minutit ehk peaaegu 15 tundi. Eelmine rekord p\u00fcstitati 1. m\u00e4rtsil 2022. aastal, mil Kiievis kuulutati \u00fche p\u00e4eva jooksul v\u00e4lja 12 \u00f5huh\u00e4iret.<\/p>\n<p>Kohalike ametnike s\u00f5nul sai Venemaa reaktiivdroonide, ballistiliste ja tiibrakettide r\u00fcnnakulaine k\u00e4igus vigastada v\u00e4hemalt neli inimest.<\/p>\n<p>\u00d5huh\u00e4ired j\u00e4tkusid vahetult p\u00e4rast s\u00fcda\u00f6\u00f6d, kui kella 00.30 paiku kohaliku aja j\u00e4rgi oli Kiievis taas kuulda plahvatusi, vahendasid kohapeal viibivad v\u00e4ljaande Kyiv Independent ajakirjanikud. Viimase r\u00fcnnaku tagaj\u00e4rgede kohta esialgu teave puudub.<\/p>\n<p>&#8220;Rindejoonele l\u00e4hemal asuvate piirkondade jaoks on isegi pikemad h\u00e4ired igap\u00e4evane reaalsus,&#8221; m\u00e4rkis v\u00e4lisministeerium. &#8220;Kuid see, mida Kiiev koges neljap\u00e4eval, n\u00e4itab veel \u00fcht viisi, kuidas Venemaa kasutab oma relvi tsiviilelu h\u00e4irimiseks. Korduvad droonil\u00f6\u00f6gid, mis hoiavad miljonilinna terve p\u00e4eva ohu all,&#8221; lisati avalduses.<\/p>\n<p>Ministeeriumi andmetel k\u00f5lasid sireenid terve p\u00e4eva, kuna Venemaa saatis droone Kiievi suunas teele v\u00e4ikeste r\u00fchmadena, h\u00e4irides nii t\u00f6\u00f6d, avalikke teenuseid, transporti ja ka igap\u00e4evaelu.<\/p>\n<p>&#8220;Kahjustustest teatati kahes koolis Podili ja \u0160evt\u0161enko rajoonis, samuti puhkes tulekahju kesklinnas asuva Valeri Lobanovsk\u00f5i staadioni l\u00e4hedal. Droon kukkus ka kesklinna l\u00f5unaosas Holosijivi rajoonis asuvale peateele ning \u00f5htul sai Podili rajoonis kahjustada neljakorruseline kortermaja,&#8221; t\u00e4psustas Kiievi linna s\u00f5jav\u00e4eadministratsioon.<\/p>\n<p>Kiievi kaitsev\u00f5imekust on koormanud Patriot-p\u00fc\u00fcdurrakettide puudus, mida Ukraina kasutab Venemaa ballistiliste rakettide t\u00f5rjumiseks.<\/p>\n<p>Ukraina president Volod\u00f5m\u00f5r Zelenski \u00fctles hiljuti, et Ukrainal said \u00fche suurema pealinna vastu suunatud r\u00fcnnaku ajal p\u00fc\u00fcdurraketid otsa ja kordas \u00fcleskutseid liitlastele tarnete kiirendamiseks.<\/p>\n<p><a id=\"majandus\"\/>Ukraina majanduskasv pidurdub Venemaa \u00f5hur\u00fcnnakute j\u00e4tkudes<\/p>\n<p>Kuna Venemaa j\u00e4tkab enneolematut r\u00fcnnakutekampaaniat Ukraina ettev\u00f5tete vastu, siis on Ukraina majandusministeerium langetanud riigi t\u00e4navuse majanduskasvu prognoosi 1,3 protsendilt 0,5 protsendile, edastasid neljap\u00e4eval ajaleht Kyiv Independent ja uudisteagentuur Interfax-Ukraina.<\/p>\n<p>Moskva on muu hulgas v\u00f5tnud sihikule sellised v\u00f5tmet\u00e4htsusega majandusharud nagu terasetootmine, e-kaubandus ja sadamad.<\/p>\n<p>Majandusminister Oleksandr Kravt\u0161enko \u00fctles neljap\u00e4eval Kiievis korraldatud \u00fcritusel esinedes, et Venemaa r\u00fcnnakud energia- ja logistikataristule, samuti sadamate blokaad Mustal merel ehk Ukraina peamisel ekspordimarsruudil on p\u00e4rssinud riigi sisemajanduse koguprodukti (SKP) kasvu.<\/p>\n<p>Kuna Venemaa r\u00fcndab Odessa sadamaid ja Ukraina vetes viibivaid tsiviilaluseid, siis v\u00e4ldivad laevad Ukrainat. Seet\u00f5ttu ei saa Ukraina meritsi eksportida oma kaupu, sealhulgas p\u00f5llumajandustooteid, mis moodustasid eelmisel aastal 17 protsenti riigi sisemajanduse kogutoodangust.<\/p>\n<p>&#8220;P\u00f5llumehed riskivad ekspordi puudumise t\u00f5ttu tulu kaotamisega. Samas kui tulevase saagi k\u00fclvipind v\u00f5ib v\u00e4heneda 5\u20137 miljoni hektari v\u00f5rra,&#8221; m\u00e4rkis p\u00f5llumajandusminister Tarass V\u00f5ssotsk\u00f5i.<\/p>\n<p>P\u00f5llumajandussektorit vee peal hoidmiseks toetab \u00dcRO Ukrainat spetsiaalsete rahaliste tugimeetmetega v\u00e4ikestele ja keskmise suurusega p\u00f5llumeestele, kellel puudub lihtne juurdep\u00e4\u00e4s pangalaenudele.<\/p>\n<p>Samal ajal aitab \u00dcRO p\u00f5llumehi ladustamisv\u00f5imalustega, et koristatud saak ei rikneks. See h\u00f5lmab 10 000 s\u00e4ilituskotti ja kokkupandavaid laomooduleid, mis tarnitakse l\u00e4hitulevikus.<\/p>\n<p>&#8220;Meie arvutuste kohaselt v\u00f5ib mahupuuduj\u00e4\u00e4k ulatuda sel s\u00fcgisel 11 miljoni tonnini ning rahastamisvajadus selles valdkonnas on 44 miljonit dollarit,&#8221; teatas p\u00f5llumajandusministeerium.<\/p>\n<p>Samal ajal kannatab ka Ukraina metallurgiat\u00f6\u00f6stus ja seda mitte ainult blokeeritud sadamate, vaid ka j\u00e4tkuvate \u00f5hur\u00fcnnakute t\u00f5ttu.<\/p>\n<p>Terasegigandile Metinvest kuuluvat Zapori\u017estali terasetehast tabasid neljap\u00e4eva \u00f6\u00f6sel mitmed Venemaa ballistilised raketid, vaid n\u00e4dalaid p\u00e4rast seda, kui eelmine r\u00fcnnak tabas t\u00e4pselt samu sihtm\u00e4rke ehk tehase k\u00f5rgahjutsehhi ning energia- ja transporditaristut.<\/p>\n<p>&#8220;Kahen\u00e4dalane r\u00fcnnakulaine on oma tagaj\u00e4rgedelt enneolematu. Tsiviilettev\u00f5te ei j\u00f5udnud 11. augusti l\u00f6\u00f6gist toibuda ja seda korrati 27. augustil uuesti,&#8221; kirjutas Metinvest avalduses.<\/p>\n<p>Ukraina terasesektor polnud neljap\u00e4eval ainus sihtm\u00e4rk. Venemaa tulistas rakette ja droone jaem\u00fc\u00fcjate ning supermarketite pihta \u00fcle riigi toimunud r\u00fcnnakutelaines, mis kestis terve p\u00e4eva.<\/p>\n<p>Harkivis tabas droon Epicentri h\u00fcpermarketit. Samal ajal kui massilised kombineeritud r\u00fcnnakud Kiievi oblastis h\u00e4vitasid laod, mida kasutasid supermarketite ketid Fora ja Kolo. Tabamuse said mitmed jaotuskeskused, mis kuulusid ettev\u00f5ttele House of Toys, kodu- ja elektroonikakaupade kauplusele Comfy ning sooduskauplusele Avrora. Samuti sai pihta endisele presidendile Petro Poro\u0161enkole kuuluva kondiitriketi Ro\u0161en ladu.<\/p>\n<p>Teadaolevalt \u00fckski t\u00f6\u00f6taja vigastada ei saanud ja ettev\u00f5tted j\u00e4tkavad tegutsemist, kuigi mitmed on hoiatanud kliente tarnete v\u00f5imalike viivituste eest.<\/p>\n<p>Venemaa r\u00fcndas sarnaselt mitmeid jaotuskeskusi ka augusti alguses p\u00f5hjustades supermarketites n\u00e4dalaid kestnud toidupuuduse. Praegu ei ole supermarketid toidukriisi eest aga hoiatanud, kuna l\u00e4hevad \u00fcle hajutatud ladustamisele, et leevendada tulevaste r\u00fcnnakute m\u00f5ju.<\/p>\n<p>Ohvriteks ei ole ainult Ukraina ettev\u00f5tted. Kiievit kolmap\u00e4eval k\u00fclastades palus USA demokraadist senaator Richard Blumenthal Ameerika ettev\u00f5tetel rohkem USA presidendi Donald Trumpi poole p\u00f6\u00f6rduda, et ta avaldaks Venemaale survet, kuna pool Ukrainas tegutsevatest USA ettev\u00f5tetest on saanud droonide v\u00f5i rakettide t\u00f5ttu kannatada.<\/p>\n<p>&#8220;Kuigi suvi ei ole Ukrainas veel p\u00e4ris l\u00e4bi saanud, siis pole see takistanud Venemaal riigi energiarajatisi pommitamast. Neljap\u00e4eva \u00f6\u00f6sel h\u00e4vitasid Venemaa liugpommid k\u00f5ik Hersoni soojuselektrijaama seadmed,&#8221; teatas riiklik energiahiid Naftogaz.<\/p>\n<p>Majandusminister Kravt\u0161enko hoiatas, et eelseisev talv tuleb raske. Ukraina SKP langes aasta esimese nelja kuuga energiataristule antud l\u00f6\u00f6kide t\u00f5ttu 0,6 protsenti.<\/p>\n<p>&#8220;Ukrainlased peaksid olema valmis halvimateks stsenaariumiteks,&#8221; r\u00f5hutas minister.<\/p>\n<p><a id=\"herson\"\/>Hersoni v\u00f5imud kutsusid elanikke linnast lahkuma<\/p>\n<p>Hersoni oblasti v\u00f5imud kutsusid Hersoni linna elanikke neljap\u00e4eval \u00fcles sealt lahkuma seoses intensiivistuvate Venemaa r\u00fcnnakutega, mis \u00e4hvardavad pikemaks ajaks katkestada elektri- ja k\u00fcttevarustuse.<\/p>\n<p>&#8220;P\u00f6\u00f6rdun taas Hersoni elanike, eriti lastega perede ja eakate poole, et kui teil on see v\u00f5imalus, siis palun lahkuge,&#8221; kirjutas oblasti kuberner Oleksandr Prokudin suhtlusv\u00f5rgustikus Telegram.<\/p>\n<p>Prokudini hinnangul on Hersonis \u00e4\u00e4rmiselt keeruline julgeolekuolukord.<\/p>\n<p>Enne Venemaa sissetungi algust 2022. aasta veebruaris oli linnas ligikaudu 280 000 elanikku.<\/p>\n<p>&#8220;Vaenlane intensiivistab iga p\u00e4ev r\u00fcnnakuid piirkonna kriitilise taristu vastu. Eile \u00f6\u00f6sel r\u00fcndasid Vene v\u00e4ed taas liugpommidega Hersoni kaugk\u00fcttejaama ja rajatis sai v\u00e4ga t\u00f5siselt kahjustada,&#8221; r\u00e4\u00e4kis kuberner.<\/p>\n<p>&#8220;Herson v\u00f5ib Prokudini hinnangul j\u00e4\u00e4da ilma elektri v\u00f5i k\u00fctteta mitte tundideks v\u00f5i p\u00e4evadeks, vaid pikemaks ajaks. Praegu ei ole meie riigi \u00fcheski piirkonnas v\u00f5imalik seda t\u00fc\u00fcpi droone ega lennukipomme h\u00e4vitada,&#8221; j\u00e4tkas ametnik.<\/p>\n<p>Venemaa ja Ukraina on juba mitu kuud hoogustanud oma kaugl\u00f6\u00f6ke ja v\u00f5tnud \u00fcha enam sihikule tsiviiltaristu, mille seas logistikalaod ning nafta- ja sadamarajatised. Selle tagaj\u00e4rjel kasvab \u00fchtlasi tsiviilohvrite arv.<\/p>\n<p>Eelmisel talvel andis Vene armee korduvalt l\u00f6\u00f6ke Ukraina elektrijaamade pihta, mis paiskas miljonid inimesed k\u00fclma ja pimedusse.<\/p>\n<p>Herson oli Venemaa kontrolli all 2022. aasta m\u00e4rtsist novembrini. N\u00fc\u00fcd asuvad Vene v\u00e4ed linna piirava Dnipro j\u00f5e teisel kaldal ja tulistavad linna regulaarselt.<\/p>\n","protected":false},"excerpt":{"rendered":"Oluline Venemaa-Ukraina s\u00f5jas reedel, 28. augustil kell 5.55: &#8211; Venemaa tegi Kiievile rekordpika \u00f5hur\u00fcnnaku; &#8211; Ukraina majanduskasv pidurdub&hellip;\n","protected":false},"author":2,"featured_media":262799,"comment_status":"","ping_status":"","sticky":false,"template":"","format":"standard","meta":{"footnotes":"","_share_on_mastodon":"0"},"categories":[5],"tags":[26,27,37,33,35,34,36,31,32,21,4481,1208,28,29,19,25,107,23,24,22,20,82733,15539,1929,30],"class_list":["post-262798","post","type-post","status-publish","format-standard","has-post-thumbnail","category-uldised-uudised","tag-breaking-news","tag-breakingnews","tag-ee","tag-eesti","tag-eesti-keel","tag-estonia","tag-estonian","tag-featured-news","tag-featurednews","tag-headlines","tag-herson","tag-kiiev","tag-latest-news","tag-latestnews","tag-news","tag-populaarseimad-lood","tag-soda-ukrainas","tag-top-stories","tag-topstories","tag-uldised-uudised","tag-uudised","tag-vene-agressioonisoda-ukrainas","tag-vene-ohurunnak","tag-vene-ukraina-soda","tag-viimased-uudised"],"share_on_mastodon":{"url":"https:\/\/pubeurope.com\/@ee\/117171506729942951","error":""},"_links":{"self":[{"href":"https:\/\/www.europesays.com\/ee\/wp-json\/wp\/v2\/posts\/262798","targetHints":{"allow":["GET"]}}],"collection":[{"href":"https:\/\/www.europesays.com\/ee\/wp-json\/wp\/v2\/posts"}],"about":[{"href":"https:\/\/www.europesays.com\/ee\/wp-json\/wp\/v2\/types\/post"}],"author":[{"embeddable":true,"href":"https:\/\/www.europesays.com\/ee\/wp-json\/wp\/v2\/users\/2"}],"replies":[{"embeddable":true,"href":"https:\/\/www.europesays.com\/ee\/wp-json\/wp\/v2\/comments?post=262798"}],"version-history":[{"count":0,"href":"https:\/\/www.europesays.com\/ee\/wp-json\/wp\/v2\/posts\/262798\/revisions"}],"wp:featuredmedia":[{"embeddable":true,"href":"https:\/\/www.europesays.com\/ee\/wp-json\/wp\/v2\/media\/262799"}],"wp:attachment":[{"href":"https:\/\/www.europesays.com\/ee\/wp-json\/wp\/v2\/media?parent=262798"}],"wp:term":[{"taxonomy":"category","embeddable":true,"href":"https:\/\/www.europesays.com\/ee\/wp-json\/wp\/v2\/categories?post=262798"},{"taxonomy":"post_tag","embeddable":true,"href":"https:\/\/www.europesays.com\/ee\/wp-json\/wp\/v2\/tags?post=262798"}],"curies":[{"name":"wp","href":"https:\/\/api.w.org\/{rel}","templated":true}]}}