{"id":262816,"date":"2026-08-28T05:55:13","date_gmt":"2026-08-28T05:55:13","guid":{"rendered":"https:\/\/www.europesays.com\/ee\/262816\/"},"modified":"2026-08-28T05:55:13","modified_gmt":"2026-08-28T05:55:13","slug":"raskused-too-leidmisel-sunnivad-tuhandeid-vanemaealisi-varem-pensionile-eesti","status":"publish","type":"post","link":"https:\/\/www.europesays.com\/ee\/262816\/","title":{"rendered":"Raskused t\u00f6\u00f6 leidmisel sunnivad tuhandeid vanemaealisi varem pensionile | Eesti"},"content":{"rendered":"<p>Eestis on mitu tuhat inimest, kes on j\u00e4\u00e4nud enne vanaduspensioniiga pensionile, kuna ei leia enam sobivat t\u00f6\u00f6d. T\u00f6\u00f6tukassa andmetel ei ole t\u00f6\u00f6andjad altid pakkuma osalise t\u00f6\u00f6ajaga t\u00f6\u00f6tamise v\u00f5imalust.<\/p>\n<p>Alates 2021. aastast on pensionile j\u00e4\u00e4mine paindlik. Selle aja jooksul on paindlik pension m\u00e4\u00e4ratud ligi 9000 inimesele. Neist 85 protsenti kasutas varem pensionile j\u00e4\u00e4mise v\u00f5imalust, r\u00e4\u00e4kis sotsiaalkindlustusameti v\u00e4lish\u00fcvitiste valdkonna juht Kadri Tomingas.<\/p>\n<p>&#8220;Varasema pensioni valiku v\u00f5ivad tingida inimeste elus\u00fcndmused. N\u00e4iteks kui inimesel on kuni viis aastat vanaduspensionieani, v\u00f5ib-olla natuke v\u00e4hem, ta kaotab t\u00f6\u00f6 ja ei leia pikalt uut kohta. Sel juhul on see paindlik vanaduspension lahendus, sest see v\u00f5imaldab inimesele ravikindlustuse ja igakuise sissetuleku.&#8221; kirjeldas Tomingas.<\/p>\n<p>Sotsiaalkindlustusameti andmed n\u00e4itavad, et k\u00f5ige sagedamini valitakse paindlik pension kolm kuni neli aastat enne pensioniiga, aga see ei pruugi t\u00e4hendada, et t\u00f6\u00f6otsingud l\u00f5ppevad.<\/p>\n<p>&#8220;Kuni 36 protsenti nendest, kes on valinud paindliku pensioni, j\u00e4tkavad ikkagi t\u00f6\u00f6tamist,&#8221; \u00fctles Tomingas, Tema s\u00f5nul ongi see paindliku pensioni eelis, et kui inimene l\u00e4heb varem pensionile, aga tema olukord paraneb, ta leiab endale hea t\u00f6\u00f6koha, siis saab selle paindliku pensioni maksmise peatada, k\u00e4ia t\u00f6\u00f6l ning samal ajal t\u00f6\u00f6andja maksab tema eest sotsiaalmaksu.<\/p>\n<p>&#8220;Talle koguneb t\u00e4iendavaid pensioni\u00f5igusi ja kui see t\u00f6\u00f6 tegemise v\u00f5imalus \u00e4ra kaob, v\u00f5ib ta valida pensioni saamise j\u00e4tkumise,&#8221; r\u00e4\u00e4kis Tomingas.<\/p>\n<p>T\u00f6\u00f6tukassas arvel olevatest t\u00f6\u00f6tutest on enam-v\u00e4hem iga k\u00fcmnes vanem kui 60-aastane, umbes pooled neist leiavad t\u00f6\u00f6, \u00fctles t\u00f6\u00f6tukassa juhatuse liige Ulla Saar.<\/p>\n<p>&#8220;Augusti seisuga on meil arvel peaaegu 40 000 t\u00f6\u00f6tut ning kuuek\u00fcmneseid ja vanemaid on ligikaudu 4000. Tuleb \u00f6elda, et pooled v\u00f5i natukene rohkem, kui nad meie juurest \u00e4ra l\u00e4hevad, siis selle p\u00f5hjus on ikkagi positiivne &#8211; nad on leidnud uue t\u00f6\u00f6,&#8221; lausus Saar.<\/p>\n<p>T\u00f6\u00f6tukassa andmed n\u00e4itavad, et peamine mure, miks vanematel t\u00f6\u00f6tajatel uue t\u00f6\u00f6koha leidmine aega v\u00f5tab, on tervis.<\/p>\n<p>&#8220;Kui enam ei saa oma varasemat t\u00f6\u00f6d edasi teha, siis on vaja v\u00f5tta aega ja panustada \u00fcmber\u00f5ppesse, et leida endale see uus valdkond ja uus v\u00e4ljakutse,&#8221; \u00fctles Saar. Tema s\u00f5nul on ka toredaid juhtumeid olnud: &#8220;N\u00e4iteks \u00fcks inimene v\u00f5ttis meil Photoshopi kursuse, k\u00e4is ise lisaks ka fotograafiakursustel ja l\u00e4ks arvelt maha seet\u00f5ttu, et hakkas ettev\u00f5tjaks, alustaski 60-aastasena uut t\u00f6\u00f6d fotograafina.&#8221;<\/p>\n<p>Saar t\u00f5des, et Eestis on vanuselist diskrimineerimist. T\u00f6\u00f6tukassa uuringud n\u00e4itavad, et t\u00f6\u00f6andjad eelistavad nooremaid t\u00f6\u00f6tajaid. Oskuste ja hariduse puudumist tuleb Saare s\u00f5nul ette igas vanuses t\u00f6\u00f6otsijatel. \u00dcle 60-aastased t\u00f6\u00f6tud leiavad k\u00f5ige sagedamini t\u00f6\u00f6d teeninduses, n\u00e4iteks kauplustes.<\/p>\n<p>\u00dcha enam on vanemad t\u00f6\u00f6otsijad valmis \u00fcmber\u00f5ppeks. T\u00f6\u00f6j\u00f5upuudust kurtvatel t\u00f6\u00f6andjatel soovitab Ulla Saar m\u00f5elda paindlikuma t\u00f6\u00f6korralduse peale.<\/p>\n<p>&#8220;T\u00f6\u00f6andjatega seoses n\u00e4eme, et \u00fcle kuuek\u00fcmneste puhul, aga tegelikult ka teistes vanuser\u00fchmades on paljudel inimestel hoolduskoormus, n\u00e4iteks vanemad j\u00e4\u00e4vad vanaks v\u00f5i on v\u00e4ikesed lapsed &#8211; siis oleks vaja paindlikku v\u00f5imalust t\u00f6\u00f6tada, aga mitte k\u00f5ik t\u00f6\u00f6andjad, kes v\u00f5iksid, ei paku neid paindlikke t\u00f6\u00f6v\u00f5imalusi ja osalise ajaga t\u00f6\u00f6tamist,&#8221; r\u00e4\u00e4kis Saar.<\/p>\n<p>&#8220;N\u00e4iteks 60+ inimeste puhul me ju tegelikult tahame, et inimesel oleks v\u00f5imalik ka pensionile j\u00e4\u00e4des t\u00f6\u00f6tada kas v\u00f5i osalise ajaga. Siin on k\u00fcll murekoht, et neid osalise ajaga kohti ei ole nii palju, kui on huvilisi,&#8221; t\u00f5des t\u00f6\u00f6tukassa juhatuse liige.<\/p>\n","protected":false},"excerpt":{"rendered":"Eestis on mitu tuhat inimest, kes on j\u00e4\u00e4nud enne vanaduspensioniiga pensionile, kuna ei leia enam sobivat t\u00f6\u00f6d. T\u00f6\u00f6tukassa&hellip;\n","protected":false},"author":2,"featured_media":262817,"comment_status":"","ping_status":"","sticky":false,"template":"","format":"standard","meta":{"footnotes":"","_share_on_mastodon":"0"},"categories":[5],"tags":[26,27,37,33,35,34,36,31,32,21,28,29,19,101878,8434,25,4079,2178,7193,23,24,22,20,21216,30],"class_list":["post-262816","post","type-post","status-publish","format-standard","has-post-thumbnail","category-uldised-uudised","tag-breaking-news","tag-breakingnews","tag-ee","tag-eesti","tag-eesti-keel","tag-estonia","tag-estonian","tag-featured-news","tag-featurednews","tag-headlines","tag-latest-news","tag-latestnews","tag-news","tag-paindlik-pension","tag-pensioniiga","tag-populaarseimad-lood","tag-sotsiaalkindlustusamet","tag-tootukassa","tag-tootus","tag-top-stories","tag-topstories","tag-uldised-uudised","tag-uudised","tag-vanaduspension","tag-viimased-uudised"],"share_on_mastodon":{"url":"https:\/\/pubeurope.com\/@ee\/117171593326182566","error":""},"_links":{"self":[{"href":"https:\/\/www.europesays.com\/ee\/wp-json\/wp\/v2\/posts\/262816","targetHints":{"allow":["GET"]}}],"collection":[{"href":"https:\/\/www.europesays.com\/ee\/wp-json\/wp\/v2\/posts"}],"about":[{"href":"https:\/\/www.europesays.com\/ee\/wp-json\/wp\/v2\/types\/post"}],"author":[{"embeddable":true,"href":"https:\/\/www.europesays.com\/ee\/wp-json\/wp\/v2\/users\/2"}],"replies":[{"embeddable":true,"href":"https:\/\/www.europesays.com\/ee\/wp-json\/wp\/v2\/comments?post=262816"}],"version-history":[{"count":0,"href":"https:\/\/www.europesays.com\/ee\/wp-json\/wp\/v2\/posts\/262816\/revisions"}],"wp:featuredmedia":[{"embeddable":true,"href":"https:\/\/www.europesays.com\/ee\/wp-json\/wp\/v2\/media\/262817"}],"wp:attachment":[{"href":"https:\/\/www.europesays.com\/ee\/wp-json\/wp\/v2\/media?parent=262816"}],"wp:term":[{"taxonomy":"category","embeddable":true,"href":"https:\/\/www.europesays.com\/ee\/wp-json\/wp\/v2\/categories?post=262816"},{"taxonomy":"post_tag","embeddable":true,"href":"https:\/\/www.europesays.com\/ee\/wp-json\/wp\/v2\/tags?post=262816"}],"curies":[{"name":"wp","href":"https:\/\/api.w.org\/{rel}","templated":true}]}}