{"id":262822,"date":"2026-08-28T06:04:25","date_gmt":"2026-08-28T06:04:25","guid":{"rendered":"https:\/\/www.europesays.com\/ee\/262822\/"},"modified":"2026-08-28T06:04:25","modified_gmt":"2026-08-28T06:04:25","slug":"suri-bosnia-serblasest-sojakurjategija-ratko-mladic","status":"publish","type":"post","link":"https:\/\/www.europesays.com\/ee\/262822\/","title":{"rendered":"Suri Bosnia serblasest s\u00f5jakurjategija Ratko Mladi\u0107"},"content":{"rendered":"<p>Mladi\u0107 kandis Haagis eluaegset vanglakaristust genotsiidi, s\u00f5jakuritegude ja inimsusvastaste kuritegude eest seoses Srebrenica veresauna korraldamisega, mis oli Euroopa suurim veret\u00f6\u00f6 p\u00e4rast Teist maailmas\u00f5da.<\/p>\n<p>Viimastel kuudel oli ta saanud mitu insulti, mist\u00f5ttu taotlesid Serbia riigiametnikud ja perekond tema vabastamist halveneva tervise t\u00f5ttu, kuid Haagi tribunal l\u00fckkas need taotlused tagasi.<\/p>\n","protected":false},"excerpt":{"rendered":"Mladi\u0107 kandis Haagis eluaegset vanglakaristust genotsiidi, s\u00f5jakuritegude ja inimsusvastaste kuritegude eest seoses Srebrenica veresauna korraldamisega, mis oli Euroopa&hellip;\n","protected":false},"author":2,"featured_media":262823,"comment_status":"","ping_status":"","sticky":false,"template":"","format":"standard","meta":{"footnotes":"","_share_on_mastodon":"0"},"categories":[80],"tags":[20601,26,27,37,33,35,34,36,31,32,1239,21,101880,28,29,95,19,25,101778,20602,101881,19420,88486,23,24,22,20,30,92,93,94],"class_list":["post-262822","post","type-post","status-publish","format-standard","has-post-thumbnail","category-maailm","tag-bosnia-soda","tag-breaking-news","tag-breakingnews","tag-ee","tag-eesti","tag-eesti-keel","tag-estonia","tag-estonian","tag-featured-news","tag-featurednews","tag-genotsiid","tag-headlines","tag-jugoslaavia-rahvaarmee","tag-latest-news","tag-latestnews","tag-maailm","tag-news","tag-populaarseimad-lood","tag-ratko-mladic","tag-sarajevo-piiramine","tag-slobodan-milosevic","tag-sojakuriteod","tag-srebrenica","tag-top-stories","tag-topstories","tag-uldised-uudised","tag-uudised","tag-viimased-uudised","tag-world","tag-world-news","tag-worldnews"],"share_on_mastodon":{"url":"https:\/\/pubeurope.com\/@ee\/117171628702430843","error":""},"_links":{"self":[{"href":"https:\/\/www.europesays.com\/ee\/wp-json\/wp\/v2\/posts\/262822","targetHints":{"allow":["GET"]}}],"collection":[{"href":"https:\/\/www.europesays.com\/ee\/wp-json\/wp\/v2\/posts"}],"about":[{"href":"https:\/\/www.europesays.com\/ee\/wp-json\/wp\/v2\/types\/post"}],"author":[{"embeddable":true,"href":"https:\/\/www.europesays.com\/ee\/wp-json\/wp\/v2\/users\/2"}],"replies":[{"embeddable":true,"href":"https:\/\/www.europesays.com\/ee\/wp-json\/wp\/v2\/comments?post=262822"}],"version-history":[{"count":0,"href":"https:\/\/www.europesays.com\/ee\/wp-json\/wp\/v2\/posts\/262822\/revisions"}],"wp:featuredmedia":[{"embeddable":true,"href":"https:\/\/www.europesays.com\/ee\/wp-json\/wp\/v2\/media\/262823"}],"wp:attachment":[{"href":"https:\/\/www.europesays.com\/ee\/wp-json\/wp\/v2\/media?parent=262822"}],"wp:term":[{"taxonomy":"category","embeddable":true,"href":"https:\/\/www.europesays.com\/ee\/wp-json\/wp\/v2\/categories?post=262822"},{"taxonomy":"post_tag","embeddable":true,"href":"https:\/\/www.europesays.com\/ee\/wp-json\/wp\/v2\/tags?post=262822"}],"curies":[{"name":"wp","href":"https:\/\/api.w.org\/{rel}","templated":true}]}}