{"id":262846,"date":"2026-08-28T06:48:11","date_gmt":"2026-08-28T06:48:11","guid":{"rendered":"https:\/\/www.europesays.com\/ee\/262846\/"},"modified":"2026-08-28T06:48:11","modified_gmt":"2026-08-28T06:48:11","slug":"venemaa-ahvardas-runnata-briti-sojalisi-objekte","status":"publish","type":"post","link":"https:\/\/www.europesays.com\/ee\/262846\/","title":{"rendered":"Venemaa \u00e4hvardas r\u00fcnnata Briti s\u00f5jalisi objekte"},"content":{"rendered":"<p>Moskva v\u00e4itel on <a rel=\"noopener nofollow\" target=\"_blank\" href=\"https:\/\/www.delfi.ee\/teema\/24096541\/uhendkuningriik\" data-rel-date-range=\"[]\">\u00dchendkuningriik<\/a> \u201eterrorismis osalemisest\u201c vaid \u00fche sammu kaugusel ning vajab viivitamatut kurssi muutmist, vahendab Reuters. <\/p>\n<p>Vene v\u00e4lisministeeriumi pressiesindaja <a rel=\"noopener nofollow\" target=\"_blank\" href=\"https:\/\/www.delfi.ee\/teema\/73172067\/maria-zahharova\" tag-id=\"73172067\">Maria Zahharova<\/a> esitas Moskvas pressikonverentsil terava hoiatuse, kinnitades, et London on vaid \u201e\u00fche sammu kaugusel\u201c sellest, et muutuda Moskva silmis juriidiliseks kaasosaliseks Venemaa tsiviilisikute vastases terrorismis. <\/p>\n<p>Ta hoiatas \u201ev\u00e4ltimatute katastroofiliste tagaj\u00e4rgede\u201c eest, kui Suurbritannia oma kurssi ei muuda.<\/p>\n<p>Viide terrorismile tulenes asjaolust, et Ukraina kasutab Prantsuse-Briti <a rel=\"noopener nofollow\" target=\"_blank\" href=\"https:\/\/www.delfi.ee\/teema\/96855938\/storm-shadow\" tag-id=\"96855938\">Storm Shadow<\/a> ja SCALP rakette r\u00fcnnakuteks Venemaal ning Ida-Ukraina aladel, mida Moskva peab enda omaks.<\/p>\n<p>\u201eOleme korduvalt hoiatanud, et vastusena Briti relvade abil tehtud r\u00fcnnakutele Venemaa territooriumil v\u00f5idakse sihtm\u00e4rgiks v\u00f5tta k\u00f5ik Ukrainas ja v\u00e4ljaspool selle piire asuvad Briti s\u00f5jav\u00e4eobjektid ja -varustus,\u201c \u00fctles Zahharova. \u201eTeeme ettepaneku, et Briti juhtkond anal\u00fc\u00fcsiks olukorda veel kord hoolikalt ning loobuks viivitamatult ja \u00fchem\u00f5tteliselt vaenulikust joonest, mis toob kaasa ohu konflikti eskaleerumiseks t\u00e4iesti uuele tasemele.\u201c<\/p>\n<p>Suurbritannia kaitseministeeriumi esindaja kinnitas, et \u00dchendkuningriik seisab Ukrainaga \u00f5lg \u00f5la k\u00f5rval ja on p\u00fchendunud Kiievi varustamisele vahenditega, mida riik vajab end <a rel=\"noopener nofollow\" target=\"_blank\" href=\"https:\/\/www.delfi.ee\/teema\/23342331\/vladimir-putin\" tag-id=\"23342331\">Vladimir Putini<\/a> ebaseadusliku sissetungi eest kaitsmiseks.<\/p>\n<p>\u201eVenemaa ei tohiks kahelda selle valitsuse otsusekindluses seista vastu Venemaa agressioonile Ukrainas ning \u00dchendkuningriigi ja meie liitlaste suunal,\u201c s\u00f5nas esindaja Reutersile.<\/p>\n<p>L\u00e4\u00e4ne anal\u00fc\u00fctikute s\u00f5nul peegeldas Moskva hoiatuse karm toon Venemaa raevu Suurbritannia otsuse \u00fcle anda Kiievile juurdep\u00e4\u00e4s salastatud tehnoloogiale, et alustada oma Storm Shadow tiibrakettide tootmist s\u00fcgavateks r\u00fcnnakuteks Venemaa suunal. <\/p>\n<p>Kreml teatas juba esmasp\u00e4eval, et Suurbritannia valas selle sammuga s\u00fcstemaatiliselt \u00f5li tulle.<\/p>\n<p>Kuidas see lugu Sind end tundma pani?Saada<a href=\"https:\/\/www.delfi.ee\/artikkel\/120606683\/venemaa-ahvardas-runnata-briti-sojalisi-objekte\/kommentaarid\" class=\"button button--primary button--size-auto article-body-bottom__comment article-body-bottom__comment--write\" style=\"\" rel=\"nofollow noopener\" target=\"_blank\">Kommenteeri<\/a><a href=\"https:\/\/www.delfi.ee\/artikkel\/120606683\/venemaa-ahvardas-runnata-briti-sojalisi-objekte\/kommentaarid\" class=\"button button--size-auto article-body-bottom__comment article-body-bottom__comment--read\" style=\"\" rel=\"nofollow noopener\" target=\"_blank\">Loe kommentaare (40)<\/a><\/p>\n","protected":false},"excerpt":{"rendered":"Moskva v\u00e4itel on \u00dchendkuningriik \u201eterrorismis osalemisest\u201c vaid \u00fche sammu kaugusel ning vajab viivitamatut kurssi muutmist, vahendab Reuters. Vene&hellip;\n","protected":false},"author":2,"featured_media":262847,"comment_status":"","ping_status":"","sticky":false,"template":"","format":"standard","meta":{"footnotes":"","_share_on_mastodon":"0"},"categories":[80],"tags":[26,27,37,33,35,34,36,31,32,21,28,29,95,14161,19,25,107,13716,23,24,1038,22,20,96,30,661,92,93,94],"class_list":["post-262846","post","type-post","status-publish","format-standard","has-post-thumbnail","category-maailm","tag-breaking-news","tag-breakingnews","tag-ee","tag-eesti","tag-eesti-keel","tag-estonia","tag-estonian","tag-featured-news","tag-featurednews","tag-headlines","tag-latest-news","tag-latestnews","tag-maailm","tag-maria-zahharova","tag-news","tag-populaarseimad-lood","tag-soda-ukrainas","tag-storm-shadow","tag-top-stories","tag-topstories","tag-uhendkuningriik","tag-uldised-uudised","tag-uudised","tag-venemaa","tag-viimased-uudised","tag-vladimir-putin","tag-world","tag-world-news","tag-worldnews"],"share_on_mastodon":{"url":"https:\/\/pubeurope.com\/@ee\/117171801597610007","error":""},"_links":{"self":[{"href":"https:\/\/www.europesays.com\/ee\/wp-json\/wp\/v2\/posts\/262846","targetHints":{"allow":["GET"]}}],"collection":[{"href":"https:\/\/www.europesays.com\/ee\/wp-json\/wp\/v2\/posts"}],"about":[{"href":"https:\/\/www.europesays.com\/ee\/wp-json\/wp\/v2\/types\/post"}],"author":[{"embeddable":true,"href":"https:\/\/www.europesays.com\/ee\/wp-json\/wp\/v2\/users\/2"}],"replies":[{"embeddable":true,"href":"https:\/\/www.europesays.com\/ee\/wp-json\/wp\/v2\/comments?post=262846"}],"version-history":[{"count":0,"href":"https:\/\/www.europesays.com\/ee\/wp-json\/wp\/v2\/posts\/262846\/revisions"}],"wp:featuredmedia":[{"embeddable":true,"href":"https:\/\/www.europesays.com\/ee\/wp-json\/wp\/v2\/media\/262847"}],"wp:attachment":[{"href":"https:\/\/www.europesays.com\/ee\/wp-json\/wp\/v2\/media?parent=262846"}],"wp:term":[{"taxonomy":"category","embeddable":true,"href":"https:\/\/www.europesays.com\/ee\/wp-json\/wp\/v2\/categories?post=262846"},{"taxonomy":"post_tag","embeddable":true,"href":"https:\/\/www.europesays.com\/ee\/wp-json\/wp\/v2\/tags?post=262846"}],"curies":[{"name":"wp","href":"https:\/\/api.w.org\/{rel}","templated":true}]}}