{"id":262864,"date":"2026-08-28T07:09:08","date_gmt":"2026-08-28T07:09:08","guid":{"rendered":"https:\/\/www.europesays.com\/ee\/262864\/"},"modified":"2026-08-28T07:09:08","modified_gmt":"2026-08-28T07:09:08","slug":"ekspress-grupp-uhendab-ohtuleht-kirjastuse-ja-delfi-meedia-ariuhingud-majandus","status":"publish","type":"post","link":"https:\/\/www.europesays.com\/ee\/262864\/","title":{"rendered":"Ekspress Grupp \u00fchendab \u00d5htuleht Kirjastuse ja Delfi Meedia \u00e4ri\u00fchingud | Majandus"},"content":{"rendered":"<p>Ekspress Grupp \u00fchendab alates j\u00e4rgmisest aastast \u00d5htuleht Kirjastuse ja Delfi Meedia \u00e4ri\u00fchingud, kuid toimetused j\u00e4\u00e4vad eraldi ja meediav\u00e4ljaanded j\u00e4tkavad eraldiseisvatena.<\/p>\n<p>AS \u00d5htuleht Kirjastus \u00fchendatakse juriidiliselt AS-iga Delfi Meedia, kes v\u00f5tab \u00fcle k\u00f5ik \u00d5htuleht Kirjastuse \u00f5igused ja kohustused. Delfi Meedia juhatuse koosseis ei muutu. \u00d5htuleht Kirjastus l\u00f5petab \u00fchinemise tulemusena eraldiseisva \u00e4ri\u00fchinguna tegevuse, teatas Ekspress Grupp.<\/p>\n<p>\u00dchinemine ei muuda kontserni kinnitusel ajakirjanike igap\u00e4evat\u00f6\u00f6d ega toimetuste otsuste tegemist.<\/p>\n<p>&#8220;Kahe ettev\u00f5tte \u00fchendamine v\u00f5imaldab meil tegutseda t\u00f5husamalt ja tuua kaasa paremat ettev\u00f5tete haldust. Nii saame luua rohkem v\u00e4\u00e4rtust oma lugejatele, klientidele ja t\u00f6\u00f6tajatele ning tugevdada kodumaise meedia konkurentsiv\u00f5imet,&#8221; \u00fctles Ekspress Grupi juhatuse esimees\u00a0Liina Liiv.<\/p>\n<p>Delfi Meedias t\u00f6\u00f6tab praegu 450 ja \u00d5htuleht Kirjastuses 170 inimest. Delfi Meedia juhatuse esimees\u00a0Erik Heinsaar s\u00f5nas, et\u00a0kokku moodustavad nad mitmek\u00fclgse meediaettev\u00f5tte, mis tagab k\u00f5igiv\u00e4ljaannete toimetuste s\u00f5ltumatuse ning pakub k\u00f5ikidele lugejate huvidele vastavat sisu.<\/p>\n<p>&#8220;\u00dchinemine tugevdab Delfi Meedia finantspositsiooni ja tagab veelgi kindlama tulevikuperspektiivi,&#8221; lisas Heinsaar.<\/p>\n<p>Ekspress Grupp omandas \u00d5htuleht Kirjastuse t\u00e4isosaluse selle aasta aprillis p\u00e4rast konkurentsiameti luba. \u00dchinemise ettevalmistamisel j\u00e4rgib Ekspress Grupp loas s\u00e4testatud tingimusi ja tegutseb koosk\u00f5las konkurentsiameti m\u00e4\u00e4ratud usaldusisikuga.<\/p>\n<p>\u00d5htuleht Kirjastuse juhi Martin \u0160mutovi s\u00f5nul \u00d5htuleht v\u00e4ljaandena ei kao, vaid j\u00e4tkab tegevust senisest tugevama seljatagusega.<\/p>\n<p>&#8220;V\u00e4ljaanne ja toimetus j\u00e4tkavad senist t\u00f6\u00f6d ja tegutsevad turul s\u00f5ltumatult edasi,&#8221; \u00fctles \u0160mutov.<\/p>\n<p>Lugejate, tellijate ja reklaamiklientide jaoks midagi ei muutu.<\/p>\n<p>Ekspress Grupi tegevus h\u00f5lmab veebimeedia sisutootmist ning ajalehtede, ajakirjade ja raamatute kirjastamist. Samuti haldab kontsern elektroonilist piletim\u00fc\u00fcgiplatvormi ja piletim\u00fc\u00fcgikohtasid ning pakub digitaalsete v\u00e4liekraanide teenust Eestis, L\u00e4tis ja Leedus.<\/p>\n<p>Grupi ettev\u00f5tted korraldavad ka konverentse, koolitusi ja \u00fcritusi peamiselt Eestis ja Leedus, aga ka L\u00e4tis.<\/p>\n<p>Ekspress Grupp alustas oma tegevust 1989. aastal ja annab t\u00f6\u00f6d umbes tuhandele inimesele.<\/p>\n","protected":false},"excerpt":{"rendered":"Ekspress Grupp \u00fchendab alates j\u00e4rgmisest aastast \u00d5htuleht Kirjastuse ja Delfi Meedia \u00e4ri\u00fchingud, kuid toimetused j\u00e4\u00e4vad eraldi ja meediav\u00e4ljaanded&hellip;\n","protected":false},"author":2,"featured_media":262865,"comment_status":"","ping_status":"","sticky":false,"template":"","format":"standard","meta":{"footnotes":"","_share_on_mastodon":"0"},"categories":[14],"tags":[131,130,8458,37,33,35,5674,34,36,8455],"class_list":["post-262864","post","type-post","status-publish","format-standard","has-post-thumbnail","category-ari","tag-ari","tag-business","tag-delfi-meedia","tag-ee","tag-eesti","tag-eesti-keel","tag-ekspress-grupp","tag-estonia","tag-estonian","tag-ohtuleht-kirjastus"],"share_on_mastodon":{"url":"https:\/\/pubeurope.com\/@ee\/117171886029157953","error":""},"_links":{"self":[{"href":"https:\/\/www.europesays.com\/ee\/wp-json\/wp\/v2\/posts\/262864","targetHints":{"allow":["GET"]}}],"collection":[{"href":"https:\/\/www.europesays.com\/ee\/wp-json\/wp\/v2\/posts"}],"about":[{"href":"https:\/\/www.europesays.com\/ee\/wp-json\/wp\/v2\/types\/post"}],"author":[{"embeddable":true,"href":"https:\/\/www.europesays.com\/ee\/wp-json\/wp\/v2\/users\/2"}],"replies":[{"embeddable":true,"href":"https:\/\/www.europesays.com\/ee\/wp-json\/wp\/v2\/comments?post=262864"}],"version-history":[{"count":0,"href":"https:\/\/www.europesays.com\/ee\/wp-json\/wp\/v2\/posts\/262864\/revisions"}],"wp:featuredmedia":[{"embeddable":true,"href":"https:\/\/www.europesays.com\/ee\/wp-json\/wp\/v2\/media\/262865"}],"wp:attachment":[{"href":"https:\/\/www.europesays.com\/ee\/wp-json\/wp\/v2\/media?parent=262864"}],"wp:term":[{"taxonomy":"category","embeddable":true,"href":"https:\/\/www.europesays.com\/ee\/wp-json\/wp\/v2\/categories?post=262864"},{"taxonomy":"post_tag","embeddable":true,"href":"https:\/\/www.europesays.com\/ee\/wp-json\/wp\/v2\/tags?post=262864"}],"curies":[{"name":"wp","href":"https:\/\/api.w.org\/{rel}","templated":true}]}}