{"id":262884,"date":"2026-08-28T07:32:12","date_gmt":"2026-08-28T07:32:12","guid":{"rendered":"https:\/\/www.europesays.com\/ee\/262884\/"},"modified":"2026-08-28T07:32:12","modified_gmt":"2026-08-28T07:32:12","slug":"tippjurist-kullike-namm-ma-pole-mooda-siledat-teed-marssimist-oma-elu-eesmargiks-seadnud","status":"publish","type":"post","link":"https:\/\/www.europesays.com\/ee\/262884\/","title":{"rendered":"Tippjurist K\u00fcllike Namm: \u00abMa pole m\u00f6\u00f6da siledat teed marssimist oma elu eesm\u00e4rgiks seadnud\u00bb"},"content":{"rendered":"<p>Kuus aastat erinevates seaduserikkumistes s\u00fc\u00fcdistatud jurist K\u00fcllike Namm m\u00f5isteti t\u00e4navu juunis riigikohtus l\u00f5plikult \u00f5igeks, riik pidi h\u00fcvitama ka tema kohtukulud. Kogu k\u00f5nealuse perioodi ajakirjandusega sel teemal suhtlemisest hoidunud Namm t\u00e4itis n\u00fc\u00fcd oma neli aastat tagasi antud lubaduse ja andis Virumaa Teatajale pikema intervjuu.<\/p>\n<p>Olete \u00fcks tuntumaid Eesti juriste, kuid enam mitte advokaat, sest olete advokatuurist v\u00e4lja astunud. Miks? Mis juhtus?<\/p>\n","protected":false},"excerpt":{"rendered":"Kuus aastat erinevates seaduserikkumistes s\u00fc\u00fcdistatud jurist K\u00fcllike Namm m\u00f5isteti t\u00e4navu juunis riigikohtus l\u00f5plikult \u00f5igeks, riik pidi h\u00fcvitama ka&hellip;\n","protected":false},"author":2,"featured_media":262885,"comment_status":"","ping_status":"","sticky":false,"template":"","format":"standard","meta":{"footnotes":"","_share_on_mastodon":"0"},"categories":[18],"tags":[19654,37,33,35,34,36,2087,101891,29573,13954,14091,29572,101893,10094,5641,159,158,101890,69499,101892],"class_list":["post-262884","post","type-post","status-publish","format-standard","has-post-thumbnail","category-sport","tag-advokaat","tag-ee","tag-eesti","tag-eesti-keel","tag-estonia","tag-estonian","tag-haljala-vald","tag-kaitsjad","tag-kasmu-sadam","tag-kohtumenetlus","tag-kriminaalasi","tag-kullike-namm","tag-mtu-kasmu-majaka-sadam","tag-prokuratuur","tag-riigikohus","tag-sport","tag-sports","tag-tippjurist","tag-toimingupiirang","tag-vihula-vald"],"share_on_mastodon":{"url":"https:\/\/pubeurope.com\/@ee\/117171974517355429","error":""},"_links":{"self":[{"href":"https:\/\/www.europesays.com\/ee\/wp-json\/wp\/v2\/posts\/262884","targetHints":{"allow":["GET"]}}],"collection":[{"href":"https:\/\/www.europesays.com\/ee\/wp-json\/wp\/v2\/posts"}],"about":[{"href":"https:\/\/www.europesays.com\/ee\/wp-json\/wp\/v2\/types\/post"}],"author":[{"embeddable":true,"href":"https:\/\/www.europesays.com\/ee\/wp-json\/wp\/v2\/users\/2"}],"replies":[{"embeddable":true,"href":"https:\/\/www.europesays.com\/ee\/wp-json\/wp\/v2\/comments?post=262884"}],"version-history":[{"count":0,"href":"https:\/\/www.europesays.com\/ee\/wp-json\/wp\/v2\/posts\/262884\/revisions"}],"wp:featuredmedia":[{"embeddable":true,"href":"https:\/\/www.europesays.com\/ee\/wp-json\/wp\/v2\/media\/262885"}],"wp:attachment":[{"href":"https:\/\/www.europesays.com\/ee\/wp-json\/wp\/v2\/media?parent=262884"}],"wp:term":[{"taxonomy":"category","embeddable":true,"href":"https:\/\/www.europesays.com\/ee\/wp-json\/wp\/v2\/categories?post=262884"},{"taxonomy":"post_tag","embeddable":true,"href":"https:\/\/www.europesays.com\/ee\/wp-json\/wp\/v2\/tags?post=262884"}],"curies":[{"name":"wp","href":"https:\/\/api.w.org\/{rel}","templated":true}]}}