{"id":262924,"date":"2026-08-28T08:10:33","date_gmt":"2026-08-28T08:10:33","guid":{"rendered":"https:\/\/www.europesays.com\/ee\/262924\/"},"modified":"2026-08-28T08:10:33","modified_gmt":"2026-08-28T08:10:33","slug":"video-%e2%9f%a9-tanak-testis-taas-toyota-uut-masinat-postimees-sport","status":"publish","type":"post","link":"https:\/\/www.europesays.com\/ee\/262924\/","title":{"rendered":"VIDEO \u27e9 T\u00e4nak testis taas Toyota uut masinat &#8211; Postimees Sport"},"content":{"rendered":"<ol>\n<li><a href=\"https:\/\/news.google.com\/rss\/articles\/CBMigwFBVV95cUxOdVZmckZnbUtqY1pIWUlJQWVfaGJOcGtGbW1XeHIwTWVSdVA3MzVkcTR2RzM2akQzQUgyZnJ0YnQxU2dJY3NlTVVybkNVTGFEYjg4em9pNDdyaHB6akpkcUlPRi0yanhBVHVwak8yZTFuQ1lPX2Zab3E0UzBRc0NEUFBkaw?oc=5\" target=\"_blank\" rel=\"nofollow noopener\">VIDEO \u27e9 T\u00e4nak testis taas Toyota uut masinat<\/a>&nbsp;&nbsp;Postimees Sport<\/li>\n<li><a href=\"https:\/\/news.google.com\/rss\/articles\/CBMiswFBVV95cUxPZ25CZzA3a1hwV2pHU2tucmhBOUc2cVktRExxRlZMZW5xTVA2ekdFZzZzWENISUpVelg0OXpXLWZpdDhJNUJsckFzUEJ3eEFROUNqTEZFN2hEQmVHMzd1bDFKdzBCSjBQUlB3a0V3RmRzUTNIbjBBQ1IwQlFLSTI3UkhhWlBVS0x4cFM0VGJobG16Mld5dUpxNDFVYkxuRjZXUnBHbTZMRndnYlg0UkZqT3lVdw?oc=5\" target=\"_blank\" rel=\"nofollow noopener\">J\u00e4rjekordne muutus WRC-s: aastate p\u00e4rast saavad kihutada ka elektriautod<\/a>&nbsp;&nbsp;Delfi Sport<\/li>\n<li><a href=\"https:\/\/news.google.com\/rss\/articles\/CBMiugFBVV95cUxPNDdJQUQyVzVPS2dXSUZwc1FVRjMyd091SndSOHNIUlUta2dtcTBoeTltUWx0a0xZdUVINE9BS3Npbnh3SGVYYkozQmpVdU5hUGJuYUJIZm56bkFTQ20wYkJoSl9JUWh6ZmN2QmtCYXNaVFRYb08zb2QyYW5FZjJ3NUdEX0FCQnFyemdqMUV5OFhEdWRVdWt4M1doWFVxVGNyWTM0ZzM0REtmZV91UURiN005bjNjdllpS1E?oc=5\" target=\"_blank\" rel=\"nofollow noopener\">Delfi Sport<\/a>&nbsp;&nbsp;Delfi Sport<\/li>\n<li><a href=\"https:\/\/news.google.com\/rss\/articles\/CBMiugFBVV95cUxNVWlQWjA0XzBOZTVXSTUwdklVTGxtUG5RQS1scTRIaDUtVGJlaDE5T1Z5cVNPX2xydGUtNmY4SWlHRTVxN3RwM1pEQnpSNi1rT0xIMWFlQXJ5QVdlVThnY2dpa002T0t4b1JpMks4MmowbE9UZW83MjZEQ0MwaUhmQ2c0em5Oa0paT0VwTjd4QUhNRjU5cTY2Wm1yRDE2Tnh2aDJTYlBURVZhdGg2RVFhT0xvQWt5b0xTSFE?oc=5\" target=\"_blank\" rel=\"nofollow noopener\">WRC-sarjas kaalutakse v\u00e4gagi tervitatava reegli taaselustamist<\/a>&nbsp;&nbsp;Inbox.eu<\/li>\n<li><a href=\"https:\/\/news.google.com\/rss\/articles\/CBMisgFBVV95cUxQOVA5N3p5NlpId3RDY1dtY3Bhd0c0dlIwYzVjVlBiRmcwUWtYNTlvWHJzeUVyRDRaSnhHa3NSZ2ZwN3BTdHFNdl82SV93WmF2QXZIb1llNmJqS2poa0VKRUxDbTJDUk5lR1hpci1YY1Y0bVJHWS1SOGRNaFhfdzlMd0xDTmRKeXUyNWlaUHJRamNqXzRkeTZ5S0V3TVZhMm5laDUzV0s4eG5mY00yZ2lBbWFn?oc=5\" target=\"_blank\" rel=\"nofollow noopener\">FIA plaanib WRC-sarjas revolutsiooni: alates 2029. aastast kaovad mootorivaliku piirangud<\/a>&nbsp;&nbsp;Ralli.ee<\/li>\n<\/ol>\n","protected":false},"excerpt":{"rendered":"VIDEO \u27e9 T\u00e4nak testis taas Toyota uut masinat&nbsp;&nbsp;Postimees Sport J\u00e4rjekordne muutus WRC-s: aastate p\u00e4rast saavad kihutada ka elektriautod&nbsp;&nbsp;Delfi&hellip;\n","protected":false},"author":2,"featured_media":262925,"comment_status":"","ping_status":"","sticky":false,"template":"","format":"standard","meta":{"footnotes":"","_share_on_mastodon":"0"},"categories":[5],"tags":[1526,26,27,37,33,35,34,36,31,32,1517,21,172,1520,1513,28,29,1514,1518,1524,1515,19,1529,1530,1523,1519,25,1522,1525,1528,1527,159,1535,1534,1521,1532,1533,1230,1531,23,24,22,20,30,1516,1192],"class_list":["post-262924","post","type-post","status-publish","format-standard","has-post-thumbnail","category-uldised-uudised","tag-autoralli","tag-breaking-news","tag-breakingnews","tag-ee","tag-eesti","tag-eesti-keel","tag-estonia","tag-estonian","tag-featured-news","tag-featurednews","tag-finaal","tag-headlines","tag-jalgpall","tag-koondis","tag-korvpall","tag-latest-news","tag-latestnews","tag-liiga","tag-mang","tag-martin-jarveoja","tag-medal","tag-news","tag-olumpia","tag-olumpiamangud","tag-ott-tanak","tag-poks","tag-populaarseimad-lood","tag-postimees-sport","tag-postimees-wrc","tag-spordi-uudised","tag-spordiuudised","tag-sport","tag-suveolumpia","tag-suveolumpiamangud","tag-tiitel","tag-tokio","tag-tokio2020","tag-tokyo","tag-tokyo2020","tag-top-stories","tag-topstories","tag-uldised-uudised","tag-uudised","tag-viimased-uudised","tag-voistlus","tag-wrc"],"share_on_mastodon":{"url":"","error":"Validation failed: Text character limit of 500 exceeded"},"_links":{"self":[{"href":"https:\/\/www.europesays.com\/ee\/wp-json\/wp\/v2\/posts\/262924","targetHints":{"allow":["GET"]}}],"collection":[{"href":"https:\/\/www.europesays.com\/ee\/wp-json\/wp\/v2\/posts"}],"about":[{"href":"https:\/\/www.europesays.com\/ee\/wp-json\/wp\/v2\/types\/post"}],"author":[{"embeddable":true,"href":"https:\/\/www.europesays.com\/ee\/wp-json\/wp\/v2\/users\/2"}],"replies":[{"embeddable":true,"href":"https:\/\/www.europesays.com\/ee\/wp-json\/wp\/v2\/comments?post=262924"}],"version-history":[{"count":0,"href":"https:\/\/www.europesays.com\/ee\/wp-json\/wp\/v2\/posts\/262924\/revisions"}],"wp:featuredmedia":[{"embeddable":true,"href":"https:\/\/www.europesays.com\/ee\/wp-json\/wp\/v2\/media\/262925"}],"wp:attachment":[{"href":"https:\/\/www.europesays.com\/ee\/wp-json\/wp\/v2\/media?parent=262924"}],"wp:term":[{"taxonomy":"category","embeddable":true,"href":"https:\/\/www.europesays.com\/ee\/wp-json\/wp\/v2\/categories?post=262924"},{"taxonomy":"post_tag","embeddable":true,"href":"https:\/\/www.europesays.com\/ee\/wp-json\/wp\/v2\/tags?post=262924"}],"curies":[{"name":"wp","href":"https:\/\/api.w.org\/{rel}","templated":true}]}}