{"id":262932,"date":"2026-08-28T08:20:18","date_gmt":"2026-08-28T08:20:18","guid":{"rendered":"https:\/\/www.europesays.com\/ee\/262932\/"},"modified":"2026-08-28T08:20:18","modified_gmt":"2026-08-28T08:20:18","slug":"kopsaka-maksuvolaga-marjamuuja-esitas-pankrotiavalduse-majandus","status":"publish","type":"post","link":"https:\/\/www.europesays.com\/ee\/262932\/","title":{"rendered":"Kopsaka maksuv\u00f5laga marjam\u00fc\u00fcja esitas pankrotiavalduse | Majandus"},"content":{"rendered":"<p>Br\u00e4ndi No Bananas alt marju ja puuvilju m\u00fc\u00fcv ettev\u00f5te Get Fresh Estonia esitas juuli l\u00f5pus pankrotiavalduse.<\/p>\n<p>No Bananase tegevjuhi ja omaniku Andero Keroneni s\u00f5nul eelnes avalduse esitamisele kiire finantsseisu halvenemine, mist\u00f5ttu juhtkond hindas, et ettev\u00f5te ei suuda oma kohustusi enam t\u00e4ita ning oma tegevusega j\u00e4tkamine ja uute kohustuste v\u00f5tmine poleks vastutustundlik, kirjutab <a href=\"https:\/\/www.aripaev.ee\/uudised\/2026\/08\/27\/kopsaka-maksuvolaga-marjamuuja-no-bananas-esitas-pankrotiavalduse\" target=\"_blank\" rel=\"noopener nofollow\">\u00c4rip\u00e4ev<\/a>.<\/p>\n<p>&#8220;Juuli alguses selgus, et ettev\u00f5tte finantsseis on oluliselt halvem, kui varasema info p\u00f5hjal hinnata sai,&#8221; s\u00f5nas Keronen, lisades, et praegu viib ettev\u00f5te finantseksperdiga l\u00e4bi p\u00f5hjalikku anal\u00fc\u00fcsi, et saada t\u00e4ielik \u00fclevaade kehva seisu p\u00f5hjustest.<\/p>\n<p>Ettev\u00f5ttel tekkis augusti keskel ka 209 212 euro suurune maksuv\u00f5lg, mis koosneb ainult k\u00e4ibemaksust.<\/p>\n<p>No Bananas teatas suvel kodulehel, et sulgeb juulis L\u00e4ti ja Hiiumaa m\u00fc\u00fcgiletid, e-poe ning Wolti ja Bolt Marketi tellimisv\u00f5imalused.<\/p>\n","protected":false},"excerpt":{"rendered":"Br\u00e4ndi No Bananas alt marju ja puuvilju m\u00fc\u00fcv ettev\u00f5te Get Fresh Estonia esitas juuli l\u00f5pus pankrotiavalduse. No Bananase&hellip;\n","protected":false},"author":2,"featured_media":262933,"comment_status":"","ping_status":"","sticky":false,"template":"","format":"standard","meta":{"footnotes":"","_share_on_mastodon":"0"},"categories":[12],"tags":[26,27,37,33,35,34,36,31,32,21,28,29,11754,19,101905,7185,25,23,24,22,20,30],"class_list":["post-262932","post","type-post","status-publish","format-standard","has-post-thumbnail","category-eesti","tag-breaking-news","tag-breakingnews","tag-ee","tag-eesti","tag-eesti-keel","tag-estonia","tag-estonian","tag-featured-news","tag-featurednews","tag-headlines","tag-latest-news","tag-latestnews","tag-maksuvolg","tag-news","tag-no-bananas","tag-pankrot","tag-populaarseimad-lood","tag-top-stories","tag-topstories","tag-uldised-uudised","tag-uudised","tag-viimased-uudised"],"share_on_mastodon":{"url":"https:\/\/pubeurope.com\/@ee\/117172163262320316","error":""},"_links":{"self":[{"href":"https:\/\/www.europesays.com\/ee\/wp-json\/wp\/v2\/posts\/262932","targetHints":{"allow":["GET"]}}],"collection":[{"href":"https:\/\/www.europesays.com\/ee\/wp-json\/wp\/v2\/posts"}],"about":[{"href":"https:\/\/www.europesays.com\/ee\/wp-json\/wp\/v2\/types\/post"}],"author":[{"embeddable":true,"href":"https:\/\/www.europesays.com\/ee\/wp-json\/wp\/v2\/users\/2"}],"replies":[{"embeddable":true,"href":"https:\/\/www.europesays.com\/ee\/wp-json\/wp\/v2\/comments?post=262932"}],"version-history":[{"count":0,"href":"https:\/\/www.europesays.com\/ee\/wp-json\/wp\/v2\/posts\/262932\/revisions"}],"wp:featuredmedia":[{"embeddable":true,"href":"https:\/\/www.europesays.com\/ee\/wp-json\/wp\/v2\/media\/262933"}],"wp:attachment":[{"href":"https:\/\/www.europesays.com\/ee\/wp-json\/wp\/v2\/media?parent=262932"}],"wp:term":[{"taxonomy":"category","embeddable":true,"href":"https:\/\/www.europesays.com\/ee\/wp-json\/wp\/v2\/categories?post=262932"},{"taxonomy":"post_tag","embeddable":true,"href":"https:\/\/www.europesays.com\/ee\/wp-json\/wp\/v2\/tags?post=262932"}],"curies":[{"name":"wp","href":"https:\/\/api.w.org\/{rel}","templated":true}]}}