{"id":262934,"date":"2026-08-28T08:21:22","date_gmt":"2026-08-28T08:21:22","guid":{"rendered":"https:\/\/www.europesays.com\/ee\/262934\/"},"modified":"2026-08-28T08:21:22","modified_gmt":"2026-08-28T08:21:22","slug":"opilasesinduste-esindaja-ei-saa-suunata-noort-kooli-kuhu-ta-ei-taha-minna-raadio-2","status":"publish","type":"post","link":"https:\/\/www.europesays.com\/ee\/262934\/","title":{"rendered":"\u00d5pilasesinduste esindaja: ei saa suunata noort kooli, kuhu ta ei taha minna | Raadio 2"},"content":{"rendered":"<p>Eesti \u00f5pilasesinduste liidu juhatuse aseesimees Tristan Eriste r\u00e4\u00e4kis saates &#8220;R2 Hommik!&#8221;, et ei saa noort suunata kooli, kuhu ta ei soovi minna, sest kui keskharidust sooviv noor suunata vastu tahtmist keevitajaks, on see ressursside raiskamine. Eriste s\u00f5nul on osad ministeeriumi ametnikud aga v\u00f5tnud seisukoha, et sel moel noor v\u00e4hemalt \u00f5pib midagi.<\/p>\n<p>&#8220;Praegu on kindlasti \u00fcle 1000 \u00f5pilase, kes l\u00f5petasid kevadel 9. klassi, kuid pole ikka veel saanud g\u00fcmnaasiumikohta. Probleem on selles, et \u00f5ppimiskohustus pikenes 18 eluaastani, aga praktikas on reform ellu viidud arvestamata eri \u00f5ppet\u00fc\u00fcpide kohti ja pole arvestatud, et paljud soovivad minna kutse\u00f5ppesse,&#8221; \u00fctles Eesti \u00f5pilasesinduste liidu juhatuse aseesimees Tristan Eriste.<\/p>\n<p>V\u00e4ga suurt rolli probleemide tekkimises m\u00e4ngis Eriste s\u00f5nul ka see, et kevadel ei saanud valmis SAIS3, mis pidi olema koolidesse vastuv\u00f5tmise platvorm, millele k\u00f5ik koolid \u00fcle pidid minema. &#8220;Sellep\u00e4rast polegi kindlaid andmeid, kes kuhu on sisse saanud,&#8221; lisas Eriste.<\/p>\n<p>Selle asemel, et s\u00fc\u00fcdlast otsida, on vaja Eriste s\u00f5nul kiireid lahendusi. &#8220;Peame pakkuma tuge ja selgust neile noortele, kes veel ei tea, kuhu kooli nad \u00f5ppima l\u00e4hevad,&#8221; nentis Eriste.<\/p>\n<p>Lootust saada t\u00e4psemalt teada, kes koolis \u00f5pivad ja kes mitte, on septembri keskel. &#8220;Hetkel on teine variant, et \u00f5pilased suunatakse ettevalmistavasse \u00f5ppesse. See on noorele, kellel \u00fcheksa aasta v\u00e4ltel on tekkinud suured \u00f5pil\u00fcngad. N\u00e4iteks v\u00e4hese eesti keele oskuse t\u00f5ttu. Tallinnas ja Tartus, kus g\u00fcmnaasiumikohtade vajadus on k\u00f5ige suurem, on ettevalmistava \u00f5ppe kohad juba t\u00e4is,&#8221; t\u00f5i Eriste v\u00e4lja.<\/p>\n<p>Paar p\u00e4eva tagasi andis haridusminister pressiteate vahendusel teada, et riigig\u00fcmnaasiumites on \u00fcle 130 koha, kutse\u00f5ppes nelja-aastastel \u00f5ppekavadel on 1028 kohta ja kutse\u00f5ppes 312 kohta. &#8220;Samas on sellega nii, et kui oled Tallinnas ja sul on n\u00e4iteks kutse\u00f5ppes 200 kohta, aga sa soovid minna g\u00fcmnaasiumisse, siis me ei saa noort lihtsalt suunata kohta, kuhu ta ei soovi minna. Me ei saa suunata noort, kes soovib saada keskharidust, keevitajaks suunata. Osad ministeeriumi ametnikud on v\u00f5tnud seisukoha, et v\u00e4hemalt noor \u00f5pib midagigi, aga see on ju ressursside raiskamine, kui me suuname \u00f5pilase \u00f5ppima keevitajaks, kelleks ta ei taha saada ja mis ametit ta ei hakka ka pidama,&#8221; selgitas Eriste.<\/p>\n<p>Enam ei visata g\u00fcmnaasiumist ka nii kergek\u00e4eliselt v\u00e4lja kui varem. &#8220;Koolid pakuvad \u00f5pilasele tuge.&#8221;<\/p>\n<p>&#8220;Praegu on k\u00f5ige t\u00e4htsam see, et me \u00f5piks neist vigadest, et me ei j\u00e4\u00e4ks nendesse samadesse \u00e4mbritesse aina uuesti astuma, nagu on juhtunud juba v\u00e4ga pikalt e-eksamitega. Meil on n\u00fc\u00fcd veakohad teada, saame k\u00f5ikide huvigruppidega kokku ja lahendame selle probleemi \u00e4ra,&#8221; nentis Eriste.<\/p>\n","protected":false},"excerpt":{"rendered":"Eesti \u00f5pilasesinduste liidu juhatuse aseesimees Tristan Eriste r\u00e4\u00e4kis saates &#8220;R2 Hommik!&#8221;, et ei saa noort suunata kooli, kuhu&hellip;\n","protected":false},"author":2,"featured_media":262935,"comment_status":"","ping_status":"","sticky":false,"template":"","format":"standard","meta":{"footnotes":"","_share_on_mastodon":"0"},"categories":[5],"tags":[26,27,37,33,35,46624,34,36,31,32,21,101907,28,29,19,25,42760,23,24,101906,22,20,30],"class_list":["post-262934","post","type-post","status-publish","format-standard","has-post-thumbnail","category-uldised-uudised","tag-breaking-news","tag-breakingnews","tag-ee","tag-eesti","tag-eesti-keel","tag-eesti-opilasesinduste-liit","tag-estonia","tag-estonian","tag-featured-news","tag-featurednews","tag-headlines","tag-koolikohata-opilased","tag-latest-news","tag-latestnews","tag-news","tag-populaarseimad-lood","tag-sais3","tag-top-stories","tag-topstories","tag-tristan-eriste","tag-uldised-uudised","tag-uudised","tag-viimased-uudised"],"share_on_mastodon":{"url":"https:\/\/pubeurope.com\/@ee\/117172167076629835","error":""},"_links":{"self":[{"href":"https:\/\/www.europesays.com\/ee\/wp-json\/wp\/v2\/posts\/262934","targetHints":{"allow":["GET"]}}],"collection":[{"href":"https:\/\/www.europesays.com\/ee\/wp-json\/wp\/v2\/posts"}],"about":[{"href":"https:\/\/www.europesays.com\/ee\/wp-json\/wp\/v2\/types\/post"}],"author":[{"embeddable":true,"href":"https:\/\/www.europesays.com\/ee\/wp-json\/wp\/v2\/users\/2"}],"replies":[{"embeddable":true,"href":"https:\/\/www.europesays.com\/ee\/wp-json\/wp\/v2\/comments?post=262934"}],"version-history":[{"count":0,"href":"https:\/\/www.europesays.com\/ee\/wp-json\/wp\/v2\/posts\/262934\/revisions"}],"wp:featuredmedia":[{"embeddable":true,"href":"https:\/\/www.europesays.com\/ee\/wp-json\/wp\/v2\/media\/262935"}],"wp:attachment":[{"href":"https:\/\/www.europesays.com\/ee\/wp-json\/wp\/v2\/media?parent=262934"}],"wp:term":[{"taxonomy":"category","embeddable":true,"href":"https:\/\/www.europesays.com\/ee\/wp-json\/wp\/v2\/categories?post=262934"},{"taxonomy":"post_tag","embeddable":true,"href":"https:\/\/www.europesays.com\/ee\/wp-json\/wp\/v2\/tags?post=262934"}],"curies":[{"name":"wp","href":"https:\/\/api.w.org\/{rel}","templated":true}]}}