{"id":262978,"date":"2026-08-28T10:59:13","date_gmt":"2026-08-28T10:59:13","guid":{"rendered":"https:\/\/www.europesays.com\/ee\/262978\/"},"modified":"2026-08-28T10:59:13","modified_gmt":"2026-08-28T10:59:13","slug":"berliini-politsei-hadas-varbamisega-ligi-40-protsenti-kandidaatidest-kukub-keeleeksamil-labi","status":"publish","type":"post","link":"https:\/\/www.europesays.com\/ee\/262978\/","title":{"rendered":"Berliini politsei h\u00e4das v\u00e4rbamisega: ligi 40 protsenti kandidaatidest kukub keeleeksamil l\u00e4bi"},"content":{"rendered":"<p>Berliini politseil on raskusi piisava hulga uute politseinike v\u00e4rbamisega, sest suur osa kandidaatidest ei suuda l\u00e4bida saksa keele testi. Politseipresident Barbara Slowik Meiseli s\u00f5nul pole probleem kandidaatide v\u00e4hesuses, vaid selles, et liiga v\u00e4hesed neist vastavad n\u00f5uetele.<\/p>\n<p>\u00abMe konkureerime sobivate kandidaatide p\u00e4rast v\u00e4ga tihedalt, r\u00f5hk on s\u00f5nal \u00absobivate\u00bb,\u00bb \u00fctles Slowik Meisel RBB saatele \u00abAbendschau\u00bb, <a target=\"_blank\" rel=\"noopener noreferrer nofollow\" href=\"https:\/\/brusselssignal.eu\/2026\/08\/berlin-police-has-difficulties-recruiting-german-speaking-officers\/\">vahendab Brussels Signals<\/a>.<\/p>\n","protected":false},"excerpt":{"rendered":"Berliini politseil on raskusi piisava hulga uute politseinike v\u00e4rbamisega, sest suur osa kandidaatidest ei suuda l\u00e4bida saksa keele&hellip;\n","protected":false},"author":2,"featured_media":262979,"comment_status":"","ping_status":"","sticky":false,"template":"","format":"standard","meta":{"footnotes":"","_share_on_mastodon":"0"},"categories":[80],"tags":[613,26,27,37,33,35,34,36,31,32,21,28,29,95,19,101913,101912,25,68174,51,101914,23,24,22,20,30,92,93,94],"class_list":["post-262978","post","type-post","status-publish","format-standard","has-post-thumbnail","category-maailm","tag-berliin","tag-breaking-news","tag-breakingnews","tag-ee","tag-eesti","tag-eesti-keel","tag-estonia","tag-estonian","tag-featured-news","tag-featurednews","tag-headlines","tag-latest-news","tag-latestnews","tag-maailm","tag-news","tag-politseikoolitus","tag-politseivarbamine","tag-populaarseimad-lood","tag-saksa-keel","tag-saksamaa","tag-saksamaa-politsei","tag-top-stories","tag-topstories","tag-uldised-uudised","tag-uudised","tag-viimased-uudised","tag-world","tag-world-news","tag-worldnews"],"share_on_mastodon":{"url":"https:\/\/pubeurope.com\/@ee\/117172788433936784","error":""},"_links":{"self":[{"href":"https:\/\/www.europesays.com\/ee\/wp-json\/wp\/v2\/posts\/262978","targetHints":{"allow":["GET"]}}],"collection":[{"href":"https:\/\/www.europesays.com\/ee\/wp-json\/wp\/v2\/posts"}],"about":[{"href":"https:\/\/www.europesays.com\/ee\/wp-json\/wp\/v2\/types\/post"}],"author":[{"embeddable":true,"href":"https:\/\/www.europesays.com\/ee\/wp-json\/wp\/v2\/users\/2"}],"replies":[{"embeddable":true,"href":"https:\/\/www.europesays.com\/ee\/wp-json\/wp\/v2\/comments?post=262978"}],"version-history":[{"count":0,"href":"https:\/\/www.europesays.com\/ee\/wp-json\/wp\/v2\/posts\/262978\/revisions"}],"wp:featuredmedia":[{"embeddable":true,"href":"https:\/\/www.europesays.com\/ee\/wp-json\/wp\/v2\/media\/262979"}],"wp:attachment":[{"href":"https:\/\/www.europesays.com\/ee\/wp-json\/wp\/v2\/media?parent=262978"}],"wp:term":[{"taxonomy":"category","embeddable":true,"href":"https:\/\/www.europesays.com\/ee\/wp-json\/wp\/v2\/categories?post=262978"},{"taxonomy":"post_tag","embeddable":true,"href":"https:\/\/www.europesays.com\/ee\/wp-json\/wp\/v2\/tags?post=262978"}],"curies":[{"name":"wp","href":"https:\/\/api.w.org\/{rel}","templated":true}]}}