{"id":262988,"date":"2026-08-28T11:27:11","date_gmt":"2026-08-28T11:27:11","guid":{"rendered":"https:\/\/www.europesays.com\/ee\/262988\/"},"modified":"2026-08-28T11:27:11","modified_gmt":"2026-08-28T11:27:11","slug":"take-that-esineb-2027-aasta-juunis-tartu-lauluvaljakul","status":"publish","type":"post","link":"https:\/\/www.europesays.com\/ee\/262988\/","title":{"rendered":"Take That esineb 2027. aasta juunis Tartu Lauluv\u00e4ljakul"},"content":{"rendered":"<p>B\u00e4nd loodi Manchesteris 1990. aastal ning on enda p\u00f5lvkonna \u00fcks olulisemaid kooslusi. Take Thati p\u00e4rand pole mitte ainult oma pikkuse poolest m\u00e4rkimisv\u00e4\u00e4rne, vaid ka selle t\u00f5ttu, et nende muusika puudutab miljonite inimeste s\u00fcdameid. Praegu on b\u00e4ndis Gary Barlow, Howard Donald ja Mark Owen, originaalkoosseisu kuulusid ka Robbie Williams ja Jason Orange.<\/p>\n<p class=\"x_MsoNormal\">Take Thati kataloogi kuuluvad m\u00f5ned britpopi k\u00f5ige tuntumad lood, n\u00e4iteks \u201eBack for Good\u201c, \u201eNever Forget\u201c, \u201ePray\u201c, \u201eRelight My Fire\u201c, \u201ePatience\u201c, \u201eShine\u201c, \u201eGreatest Day\u201c ja \u201eRule the World\u201c. Viimast esitasid nad 2012. aastal Londoni ol\u00fcmpiam\u00e4ngude l\u00f5putseremoonial ol\u00fcmpiatule kustutamise ajal, pakkudes unustamatu elamuse miljonitele inimestele.<\/p>\n<p><img decoding=\"async\" src=\"https:\/\/www.europesays.com\/ee\/wp-content\/uploads\/2026\/08\/de151287-8541-4951-9d4f-61f802fc03d8.jpg\" loading=\"lazy\" alt=\"Take That\"\/><\/p>\n<p class=\"x_MsoNormal\">V\u00e4he on neid popansambleid, kes on suutnud oma elus nn teist peat\u00fckki nii edukalt vedada kui Take That. Robbie Williams lahkus b\u00e4ndist 1995. aastal ning Take That l\u00e4ks laiali aasta hiljem. Dokumentaal ja parimate hittide v\u00e4lja andmine t\u00f5i aga Barlow\u2019, Donaldi, Oweni ja Orange\u2019i k\u00fcmme aastat hiljem taas kokku. 2006. aasta comeback-album \u201eBeautiful World\u201c t\u00e4hendas grupi jaoks erakordse perioodi algust, sellele j\u00e4rgnes 2008. aasta v\u00e4ga populaarne \u201eThe Circus\u201c.<\/p>\n<p class=\"x_MsoNormal\">Williams tuli vanade s\u00f5prade juurde tagasi 2010. aasta \u201eProgressi\u201c tarbeks, mis oli esimene album, millel sai kuulda k\u00f5iki viit originaalliiget taas \u00fcheskoos laulmas. Sellest sai tol hetkel 21. sajandi k\u00f5ige kiiremini m\u00fc\u00fcv album ning plaadi promotuur l\u00f5i Take Thati enda p\u00fcstitatud rekordi kui k\u00f5ige kiiremini v\u00e4lja m\u00fc\u00fcdud turnee.<\/p>\n<p class=\"x_MsoNormal\">2014. aastast saadik on Take That p\u00fcsivalt esinenud triona \u2013 Barlow, Donald ja Owen. Nende \u00fcheksas stuudioalbum \u201eThis Life\u201c anti v\u00e4lja 2023. aasta novembris ning seda saatis tohutu kommertsedu, tehes m\u00fc\u00fcgikiiruselt silmad ette sellistele staaridele nagu Lewis Capaldi, Ed Sheeran ja The Rolling Stones.<\/p>\n<p class=\"x_MsoNormal\">Selle aasta alguses andis Netflix v\u00e4lja kolmeosalise sarja \u201eTake That\u201c,  mis dokumenteerib b\u00e4ndi ainulaadset ja erakordset teekonda. Selles n\u00e4eb vaataja arhiivikaadreid, kuid ka uusi intervjuusid Barlow\u2019, Donaldi ja Oweniga. Enamik intiimsetest kaadritest tulid Donaldi enda videokaameralintidelt ning p\u00e4evikutest, kuhu ta talletas b\u00e4ndi elu 1990ndatest alates.<\/p>\n<p class=\"x_MsoNormal\">\u201eMe t\u00f5esti tahtsime oma lugu korralikult r\u00e4\u00e4kida,\u201c \u00fctles Barlow enne dokumentaali esilinastust. \u201eMeie lugu on imeline ja me oleme k\u00f5ik v\u00e4ga elevil, et saame seda jagada viisil, mida inimesed veel n\u00e4inud pole.\u201c<\/p>\n<p class=\"x_MsoNormal\">Mark Owen m\u00e4rkis, kui erakordne on Take Thati vastupidavus. \u201eMa aina m\u00f5tlen sellele, kui imeline see on, et me oleme viimase 35 aasta jooksul teinud nii palju asju, et sellest on v\u00f5imalik teha kolmeosaline dokumentaal Netlixis,\u201c \u00fctles Owen.<\/p>\n<p class=\"x_MsoNormal\">Hetkel on aga Take Thati silmad suunatud tulevikku. Praegu on nad \u201eThe Circus Live\u201c tuuril, kuid alustavad samas ka uut muusikalist peat\u00fckki. Nende k\u00fcmnes stuudioalbum peaks ilmuma 2026. aasta l\u00f5pus. Esimene singel \u2013 \u201eYou\u2019re a Superstar\u201c \u2013 avaldati selle aasta m\u00e4rtsis, sellele j\u00e4rgnes juulis \u201eSweet July\u201c.<\/p>\n<p class=\"x_MsoNormal\">Tartus ootab f\u00e4nne niisiis \u00f5htu t\u00e4is vanu unustamatuid hitte, mille sekka saab kuulda ka uut loomingut. Take That on alati elanud lavadel esinemise nimel ning nad j\u00e4tkavad seda teekonda. Et sellest saab osa n\u00fc\u00fcd ka Eestis, on harukordne v\u00f5imalus!<\/p>\n<p class=\"x_MsoNormal\">Take That esineb Tartu Lauluv\u00e4ljakul kolmap\u00e4eval, 16. juunil 2027. Live Nationi kontsertklubi liikmetele algab eelm\u00fc\u00fck 3. septembril kell 10. Avalik piletim\u00fc\u00fck l\u00e4heb lahti 4. septembril kell 10 Piletilevi veebilehel ja m\u00fc\u00fcgipunktides.<\/p>\n<p>Kuidas see lugu Sind end tundma pani?Saada<a href=\"https:\/\/kroonika.delfi.ee\/artikkel\/120606752\/briti-popmuusikaband-tuleb-eestisse-take-that-esineb-jargmisel-suvel-tartus\/kommentaarid\" class=\"button button--primary button--size-auto article-body-bottom__comment article-body-bottom__comment--write\" style=\"\" rel=\"nofollow noopener\" target=\"_blank\">Kommenteeri<\/a><a href=\"https:\/\/kroonika.delfi.ee\/artikkel\/120606752\/briti-popmuusikaband-tuleb-eestisse-take-that-esineb-jargmisel-suvel-tartus\/kommentaarid\" class=\"button button--size-auto article-body-bottom__comment article-body-bottom__comment--read\" style=\"\" rel=\"nofollow noopener\" target=\"_blank\">Loe kommentaare (1)<\/a><\/p>\n","protected":false},"excerpt":{"rendered":"B\u00e4nd loodi Manchesteris 1990. aastal ning on enda p\u00f5lvkonna \u00fcks olulisemaid kooslusi. Take Thati p\u00e4rand pole mitte ainult&hellip;\n","protected":false},"author":2,"featured_media":262989,"comment_status":"","ping_status":"","sticky":false,"template":"","format":"standard","meta":{"footnotes":"","_share_on_mastodon":"0"},"categories":[84],"tags":[37,33,35,173,34,36,101920,101919,101918,140,215,144,45086],"class_list":["post-262988","post","type-post","status-publish","format-standard","has-post-thumbnail","category-muusika","tag-ee","tag-eesti","tag-eesti-keel","tag-entertainment","tag-estonia","tag-estonian","tag-gary-barlow","tag-howard-donald","tag-mark-owen","tag-meelelahutus","tag-music","tag-muusika","tag-take-that"],"share_on_mastodon":{"url":"https:\/\/pubeurope.com\/@ee\/117172899007047931","error":""},"_links":{"self":[{"href":"https:\/\/www.europesays.com\/ee\/wp-json\/wp\/v2\/posts\/262988","targetHints":{"allow":["GET"]}}],"collection":[{"href":"https:\/\/www.europesays.com\/ee\/wp-json\/wp\/v2\/posts"}],"about":[{"href":"https:\/\/www.europesays.com\/ee\/wp-json\/wp\/v2\/types\/post"}],"author":[{"embeddable":true,"href":"https:\/\/www.europesays.com\/ee\/wp-json\/wp\/v2\/users\/2"}],"replies":[{"embeddable":true,"href":"https:\/\/www.europesays.com\/ee\/wp-json\/wp\/v2\/comments?post=262988"}],"version-history":[{"count":0,"href":"https:\/\/www.europesays.com\/ee\/wp-json\/wp\/v2\/posts\/262988\/revisions"}],"wp:featuredmedia":[{"embeddable":true,"href":"https:\/\/www.europesays.com\/ee\/wp-json\/wp\/v2\/media\/262989"}],"wp:attachment":[{"href":"https:\/\/www.europesays.com\/ee\/wp-json\/wp\/v2\/media?parent=262988"}],"wp:term":[{"taxonomy":"category","embeddable":true,"href":"https:\/\/www.europesays.com\/ee\/wp-json\/wp\/v2\/categories?post=262988"},{"taxonomy":"post_tag","embeddable":true,"href":"https:\/\/www.europesays.com\/ee\/wp-json\/wp\/v2\/tags?post=262988"}],"curies":[{"name":"wp","href":"https:\/\/api.w.org\/{rel}","templated":true}]}}