{"id":262998,"date":"2026-08-28T11:38:10","date_gmt":"2026-08-28T11:38:10","guid":{"rendered":"https:\/\/www.europesays.com\/ee\/262998\/"},"modified":"2026-08-28T11:38:10","modified_gmt":"2026-08-28T11:38:10","slug":"jargmise-suvel-esineb-eestis-britipopi-lipulaev-take-that-postimees","status":"publish","type":"post","link":"https:\/\/www.europesays.com\/ee\/262998\/","title":{"rendered":"J\u00e4rgmise suvel esineb Eestis britipopi lipulaev Take That &#8211; Postimees"},"content":{"rendered":"<ol>\n<li><a href=\"https:\/\/news.google.com\/rss\/articles\/CBMimgFBVV95cUxNcGZOOXByeUw1WHVNd2QzdUh2TFNVZ1A5MW1MWllsbVlsQlJyTjM0NUxHeDM3Q1Q0RFh6QzR0TzViN3RFTEpyaHNCbmdSQi1vRGpIbXhLemxIS1FfbnJjWmlGVFF5cE94WTFhMDA1VndEbU4xQXRvem1pYVhwbHBEQmhmQUt2elBLdXg0V3EzZDVPQkhNdjVIV29B?oc=5\" target=\"_blank\" rel=\"nofollow noopener\">J\u00e4rgmise suvel esineb Eestis britipopi lipulaev Take That<\/a>&nbsp;&nbsp;Postimees<\/li>\n<li><a href=\"https:\/\/news.google.com\/rss\/articles\/CBMivAFBVV95cUxNeEhrRm5LQkd3YW5fV1dVZHJURVNsMWJQS3JDSFFOenRUSFlwQ1NhSE1vTHAxS0hPc1c5OU9iOVdYUkd1bmtDODIySHFpR0N2NGxBUTZjYlpEajVKTHNZWGRtLVBWMWd3ZHZ3N25QaUZXOTR3c1d6LVZSTUxsdEJvSkgtbjlUSHBUa1FYRERiNVVEUjJjV3dvX0N0b0s4bUZ4dW5FTi0tTjdOVTBIb0pMSzFDNktwZHNpTzI2cg?oc=5\" target=\"_blank\" rel=\"nofollow noopener\">Briti popmuusikab\u00e4nd tuleb Eestisse! Take That esineb j\u00e4rgmisel suvel Tartus<\/a>&nbsp;&nbsp;Kroonika<\/li>\n<li><a href=\"https:\/\/news.google.com\/rss\/articles\/CBMifkFVX3lxTE5EY0hoM1BadFAzOTAwbHpZNmtLMTFYQ2ZxcXBYSFBrWk9aRkw4aGwwS0VnUzMzazNVc0pxRjdKYVlJYlk3V3gyZU9TNnRmVEZVYnBia3F1bU9WS2tlalIzcm9lQ1dvem5nUzJja1VhT196Z0dETWowQnczem5kUQ?oc=5\" target=\"_blank\" rel=\"nofollow noopener\">Take That esineb j\u00e4rgmisel suvel Eestis<\/a>&nbsp;&nbsp;ERR<\/li>\n<li><a href=\"https:\/\/news.google.com\/rss\/articles\/CBMiWkFVX3lxTE9pajlLMExqeGZ2VUZPZm11WWNoZDgtY3FWNlZRX1ViSWlwdUw3M0xlT1ZZVWRmYlF0VnpOaURTTWRyUnZvYkVjSEpGdjdScnhjMUNmWVZVSWVGQQ?oc=5\" target=\"_blank\" rel=\"nofollow noopener\">TAKE THAT ESINEB J\u00c4RGMISEL SUVEL TARTU LAULUV\u00c4LJAKUL<\/a>&nbsp;&nbsp;MuusikaPlaneet &#8211;<\/li>\n<li><a href=\"https:\/\/news.google.com\/rss\/articles\/CBMifEFVX3lxTE1laEk2VmxEOWNWNUZ5eXNZV2VwSnh2U2FuQmcxYTRkUjMtak9KaXF5MFl0ZjNET3AtV0F4a0M2TlQ3a3ZickowQ3VmaGlxYzdRdUNsc3ozbm52UjVJNTN3dXNNZFljalg4UmVNMno2dG95cVROTk9LRVRQTnQ?oc=5\" target=\"_blank\" rel=\"nofollow noopener\">Take That esineb tuleval suvel Tartus<\/a>&nbsp;&nbsp;Tartu Postimees<\/li>\n<\/ol>\n","protected":false},"excerpt":{"rendered":"J\u00e4rgmise suvel esineb Eestis britipopi lipulaev Take That&nbsp;&nbsp;Postimees Briti popmuusikab\u00e4nd tuleb Eestisse! Take That esineb j\u00e4rgmisel suvel Tartus&nbsp;&nbsp;Kroonika&hellip;\n","protected":false},"author":2,"featured_media":262999,"comment_status":"","ping_status":"","sticky":false,"template":"","format":"standard","meta":{"footnotes":"","_share_on_mastodon":"0"},"categories":[84],"tags":[101922,37,33,35,173,34,36,101920,101919,101921,6495,101918,140,215,144,101924,2211,45086,249,49741,101923],"class_list":["post-262998","post","type-post","status-publish","format-standard","has-post-thumbnail","category-muusika","tag-beautiful-world","tag-ee","tag-eesti","tag-eesti-keel","tag-entertainment","tag-estonia","tag-estonian","tag-gary-barlow","tag-howard-donald","tag-jason-orange","tag-manchester","tag-mark-owen","tag-meelelahutus","tag-music","tag-muusika","tag-progress","tag-robbie-williams","tag-take-that","tag-tartu","tag-tartu-lauluvaljak","tag-the-circus"],"share_on_mastodon":{"url":"https:\/\/pubeurope.com\/@ee\/117172941972668095","error":""},"_links":{"self":[{"href":"https:\/\/www.europesays.com\/ee\/wp-json\/wp\/v2\/posts\/262998","targetHints":{"allow":["GET"]}}],"collection":[{"href":"https:\/\/www.europesays.com\/ee\/wp-json\/wp\/v2\/posts"}],"about":[{"href":"https:\/\/www.europesays.com\/ee\/wp-json\/wp\/v2\/types\/post"}],"author":[{"embeddable":true,"href":"https:\/\/www.europesays.com\/ee\/wp-json\/wp\/v2\/users\/2"}],"replies":[{"embeddable":true,"href":"https:\/\/www.europesays.com\/ee\/wp-json\/wp\/v2\/comments?post=262998"}],"version-history":[{"count":0,"href":"https:\/\/www.europesays.com\/ee\/wp-json\/wp\/v2\/posts\/262998\/revisions"}],"wp:featuredmedia":[{"embeddable":true,"href":"https:\/\/www.europesays.com\/ee\/wp-json\/wp\/v2\/media\/262999"}],"wp:attachment":[{"href":"https:\/\/www.europesays.com\/ee\/wp-json\/wp\/v2\/media?parent=262998"}],"wp:term":[{"taxonomy":"category","embeddable":true,"href":"https:\/\/www.europesays.com\/ee\/wp-json\/wp\/v2\/categories?post=262998"},{"taxonomy":"post_tag","embeddable":true,"href":"https:\/\/www.europesays.com\/ee\/wp-json\/wp\/v2\/tags?post=262998"}],"curies":[{"name":"wp","href":"https:\/\/api.w.org\/{rel}","templated":true}]}}