{"id":263004,"date":"2026-08-28T11:42:09","date_gmt":"2026-08-28T11:42:09","guid":{"rendered":"https:\/\/www.europesays.com\/ee\/263004\/"},"modified":"2026-08-28T11:42:09","modified_gmt":"2026-08-28T11:42:09","slug":"eesti-investoritega-tehisarufirma-anthropic-seljatas-kohtus-pentagoni","status":"publish","type":"post","link":"https:\/\/www.europesays.com\/ee\/263004\/","title":{"rendered":"Eesti investoritega tehisarufirma Anthropic seljatas kohtus Pentagoni"},"content":{"rendered":"<p>San Francisco f\u00f6deraalkohtunik Rita Lin otsustas neljap\u00e4eval, et USA kaitseministeeriumil puudus piisav alus Anthropicu musta nimekirja kandmiseks. Kohtuniku s\u00f5nul ei saa valitsus kehtestada ettev\u00f5ttele ulatuslikke piiranguid peamiselt seet\u00f5ttu, et see kritiseerib administratsiooni seisukohti.<\/p>\n<p>Pentagon kuulutas Anthropicu m\u00e4rtsis tarneahela riskiks, kuna pooled ei j\u00f5udnud ettev\u00f5tte Claude\u2019i tehisintellektimudelite s\u00f5jalises kasutamises kokkuleppele. Anthropic soovis tagatist, et selle tehnoloogiat ei kasutataks t\u00e4ielikult autonoomsetes relvades ega USA-siseseks massiliseks j\u00e4lgimiseks. Kaitseministeerium n\u00f5udis aga v\u00f5imalust kasutada Claude\u2019i k\u00f5igil seadusega lubatud eesm\u00e4rkidel.<\/p>\n<p>L\u00e4bir\u00e4\u00e4kimiste nurjumise j\u00e4rel sai Anthropicust esimene USA ettev\u00f5te, mille Pentagon avalikult tarneahela riskiks nimetas. Otsus keelas kaitseministeeriumi lepingupartneritel Anthropicu tehnoloogiat Pentagonile tehtavas t\u00f6\u00f6s kasutada.<\/p>\n<p>Anthropic vaidlustas musta nimekirja kandmise nii San Francisco kui ka Washingtoni kohtutes. California kohtu otsus t\u00e4hendab ettev\u00f5ttele olulist v\u00f5itu, kuid Washingtonis j\u00e4tkub eraldi menetlus. Seet\u00f5ttu k\u00e4sitatakse Anthropicut praegu tehniliselt endiselt tarneahela riskina.<\/p>\n<p>\u201eMeil on hea meel, et kohus tunnistas meie kuulutamise tarneahela riskiks ebaseaduslikuks,\u201c teatas Anthropicu esindaja. Ettev\u00f5tte s\u00f5nul soovib see j\u00e4tkata valitsusega koost\u00f6\u00f6d, et rakendada tehisintellekti USA riikliku julgeoleku huvides.<\/p>\n<p>Kohtuotsus k\u00f5rvaldab Anthropicu teelt \u00fche olulise takistuse enne ettev\u00f5tte oodatavat b\u00f6rsideb\u00fc\u00fcti. Musta nimekirja l\u00f5plik t\u00fchistamine v\u00f5iks aidata taastada suhted Pentagoniga ja avada ettev\u00f5ttele uusi \u00e4riv\u00f5imalusi. Kohtuvaidluse v\u00f5it ei kohustaks siiski kaitseministeeriumi Anthropicuga koost\u00f6\u00f6d j\u00e4tkama.<\/p>\n<p>Kuidas see lugu Sind end tundma pani?Saada<a href=\"https:\/\/arileht.delfi.ee\/artikkel\/120606746\/eesti-investoritega-tehisarufirma-anthropic-seljatas-kohtus-pentagoni\/kommentaarid\" class=\"button button--primary button--size-auto article-body-bottom__comment article-body-bottom__comment--write\" style=\"\" rel=\"nofollow noopener\" target=\"_blank\">Kommenteeri<\/a><a href=\"https:\/\/arileht.delfi.ee\/artikkel\/120606746\/eesti-investoritega-tehisarufirma-anthropic-seljatas-kohtus-pentagoni\/kommentaarid\" class=\"button button--size-auto article-body-bottom__comment article-body-bottom__comment--read\" style=\"\" rel=\"nofollow noopener\" target=\"_blank\">Loe kommentaare <\/a><\/p>\n","protected":false},"excerpt":{"rendered":"San Francisco f\u00f6deraalkohtunik Rita Lin otsustas neljap\u00e4eval, et USA kaitseministeeriumil puudus piisav alus Anthropicu musta nimekirja kandmiseks. Kohtuniku&hellip;\n","protected":false},"author":2,"featured_media":263005,"comment_status":"","ping_status":"","sticky":false,"template":"","format":"standard","meta":{"footnotes":"","_share_on_mastodon":"0"},"categories":[14],"tags":[7582,131,130,37,33,35,34,36,373,325],"class_list":["post-263004","post","type-post","status-publish","format-standard","has-post-thumbnail","category-ari","tag-anthropic","tag-ari","tag-business","tag-ee","tag-eesti","tag-eesti-keel","tag-estonia","tag-estonian","tag-tehisintellekt","tag-usa"],"share_on_mastodon":{"url":"https:\/\/pubeurope.com\/@ee\/117172957749077178","error":""},"_links":{"self":[{"href":"https:\/\/www.europesays.com\/ee\/wp-json\/wp\/v2\/posts\/263004","targetHints":{"allow":["GET"]}}],"collection":[{"href":"https:\/\/www.europesays.com\/ee\/wp-json\/wp\/v2\/posts"}],"about":[{"href":"https:\/\/www.europesays.com\/ee\/wp-json\/wp\/v2\/types\/post"}],"author":[{"embeddable":true,"href":"https:\/\/www.europesays.com\/ee\/wp-json\/wp\/v2\/users\/2"}],"replies":[{"embeddable":true,"href":"https:\/\/www.europesays.com\/ee\/wp-json\/wp\/v2\/comments?post=263004"}],"version-history":[{"count":0,"href":"https:\/\/www.europesays.com\/ee\/wp-json\/wp\/v2\/posts\/263004\/revisions"}],"wp:featuredmedia":[{"embeddable":true,"href":"https:\/\/www.europesays.com\/ee\/wp-json\/wp\/v2\/media\/263005"}],"wp:attachment":[{"href":"https:\/\/www.europesays.com\/ee\/wp-json\/wp\/v2\/media?parent=263004"}],"wp:term":[{"taxonomy":"category","embeddable":true,"href":"https:\/\/www.europesays.com\/ee\/wp-json\/wp\/v2\/categories?post=263004"},{"taxonomy":"post_tag","embeddable":true,"href":"https:\/\/www.europesays.com\/ee\/wp-json\/wp\/v2\/tags?post=263004"}],"curies":[{"name":"wp","href":"https:\/\/api.w.org\/{rel}","templated":true}]}}