{"id":263008,"date":"2026-08-28T11:44:16","date_gmt":"2026-08-28T11:44:16","guid":{"rendered":"https:\/\/www.europesays.com\/ee\/263008\/"},"modified":"2026-08-28T11:44:16","modified_gmt":"2026-08-28T11:44:16","slug":"markus-vain-%e2%9f%a9-iga-eestlane-on-eesti-diplomaat-aga-kuidas-eestit-maailmale-tutvustada","status":"publish","type":"post","link":"https:\/\/www.europesays.com\/ee\/263008\/","title":{"rendered":"MARKUS V\u00c4IN \u27e9 Iga eestlane on Eesti diplomaat. Aga kuidas Eestit maailmale tutvustada?"},"content":{"rendered":"<p class=\"MsoNormal\">Eestlasi on nii v\u00e4he, et iga\u00fcks meist peab k\u00fcmne eest v\u00e4ljas olema, parafraseerides president Lennart Meri. Olgu Eesti tuntuimaks diplomaadiks Arvo P\u00e4rt, Ott T\u00e4nak, Markus Villig v\u00f5i keegi neljas, kindel on see, et Eesti diplomaadid oleme me k\u00f5ik. R\u00e4\u00e4kida, kes eestlased on, kust me tuleme ja millises riigis elada soovime, on olnud meie k\u00f5igi roll, eriti intensiivselt alates taasiseseisvumisest, kui oli vaja pidevalt t\u00f5estada, et me oleme eurooplased ja kuulume demokraatlike riikide perre.<\/p>\n","protected":false},"excerpt":{"rendered":"Eestlasi on nii v\u00e4he, et iga\u00fcks meist peab k\u00fcmne eest v\u00e4ljas olema, parafraseerides president Lennart Meri. Olgu Eesti&hellip;\n","protected":false},"author":2,"featured_media":263009,"comment_status":"","ping_status":"","sticky":false,"template":"","format":"standard","meta":{"footnotes":"","_share_on_mastodon":"0"},"categories":[12],"tags":[26,27,13105,37,33,95525,75344,35,76304,70913,101929,20526,101930,34,36,590,31,32,21,22309,28,29,3007,2521,54,19,105,25,23,24,6944,22,20,30],"class_list":["post-263008","post","type-post","status-publish","format-standard","has-post-thumbnail","category-eesti","tag-breaking-news","tag-breakingnews","tag-diplomaatia","tag-ee","tag-eesti","tag-eesti-e-riik","tag-eesti-identiteet","tag-eesti-keel","tag-eesti-maine","tag-eesti-taasiseseisvumine","tag-eesti-ukssarvikud","tag-eesti-valispoliitika","tag-eesti-valisteenistus","tag-estonia","tag-estonian","tag-euroopa-liit","tag-featured-news","tag-featurednews","tag-headlines","tag-julgeolekupoliitika","tag-latest-news","tag-latestnews","tag-lennart-meri","tag-narva","tag-nato","tag-news","tag-noukogude-okupatsioon","tag-populaarseimad-lood","tag-top-stories","tag-topstories","tag-ukraina-toetamine","tag-uldised-uudised","tag-uudised","tag-viimased-uudised"],"share_on_mastodon":{"url":"","error":"Validation failed: Text character limit of 500 exceeded"},"_links":{"self":[{"href":"https:\/\/www.europesays.com\/ee\/wp-json\/wp\/v2\/posts\/263008","targetHints":{"allow":["GET"]}}],"collection":[{"href":"https:\/\/www.europesays.com\/ee\/wp-json\/wp\/v2\/posts"}],"about":[{"href":"https:\/\/www.europesays.com\/ee\/wp-json\/wp\/v2\/types\/post"}],"author":[{"embeddable":true,"href":"https:\/\/www.europesays.com\/ee\/wp-json\/wp\/v2\/users\/2"}],"replies":[{"embeddable":true,"href":"https:\/\/www.europesays.com\/ee\/wp-json\/wp\/v2\/comments?post=263008"}],"version-history":[{"count":0,"href":"https:\/\/www.europesays.com\/ee\/wp-json\/wp\/v2\/posts\/263008\/revisions"}],"wp:featuredmedia":[{"embeddable":true,"href":"https:\/\/www.europesays.com\/ee\/wp-json\/wp\/v2\/media\/263009"}],"wp:attachment":[{"href":"https:\/\/www.europesays.com\/ee\/wp-json\/wp\/v2\/media?parent=263008"}],"wp:term":[{"taxonomy":"category","embeddable":true,"href":"https:\/\/www.europesays.com\/ee\/wp-json\/wp\/v2\/categories?post=263008"},{"taxonomy":"post_tag","embeddable":true,"href":"https:\/\/www.europesays.com\/ee\/wp-json\/wp\/v2\/tags?post=263008"}],"curies":[{"name":"wp","href":"https:\/\/api.w.org\/{rel}","templated":true}]}}