{"id":263020,"date":"2026-08-28T11:55:07","date_gmt":"2026-08-28T11:55:07","guid":{"rendered":"https:\/\/www.europesays.com\/ee\/263020\/"},"modified":"2026-08-28T11:55:07","modified_gmt":"2026-08-28T11:55:07","slug":"narva-volikogu-katsetab-oma-too-muutmist-vaid-eestikeelseks-eesti","status":"publish","type":"post","link":"https:\/\/www.europesays.com\/ee\/263020\/","title":{"rendered":"Narva volikogu katsetab oma t\u00f6\u00f6 muutmist vaid eestikeelseks | Eesti"},"content":{"rendered":"<p>Narva volikogu katsetab taas volikogu t\u00f6\u00f6 muutmist vaid eestikeelseks. Peamiseks k\u00fcsimuseks on volikogu liikmete jaoks see, kuidas lahendada volikogu arutelude vahendamine linnaelanikele, kellest enamik ei valda riigikeelt.<\/p>\n<p>Narva volikogu viimasel istungil r\u00e4\u00e4giti \u00fcle pika aja peamiselt vaid eesti keeles. \u00dched tegid seda soravalt, teised lugesid teksti paberilt maha. Asi j\u00f5udis selleni, et eelmine volikogu esimees Mihhail Stalnuhhin palus opositsioonikaaslastel l\u00f5petada ettekandjate kiusamine eestikeelsete k\u00fcsimustega, millest nood aru ei saanud.<\/p>\n<p>Eestikeelseks on proovitud Narva volikogu t\u00f6\u00f6d teha varemgi, kuid seni erilise eduta.<\/p>\n<p>&#8220;Tegelikult on vahepeal olnud 2022. aastal isegi niimoodi, et kohapeal oli t\u00f5lk, kes s\u00fcnkroont\u00f5lkes kohapeal t\u00f5lkis ja volikogu liikmed h\u00fc\u00fcdsid vahele: &#8220;Ei, see ei ole nii!&#8221; Ja see toona ka ei vastanud tegelikult keeleseaduse m\u00f5ttele ja see eksperiment l\u00f5ppes. Nii et proovitud on erinevaid mudeleid, aga see ikkagi on tagasi kukkunud kakskeelse volikogu formaati,&#8221; r\u00e4\u00e4kis Narva opositsiooni liige Katri Raik (fraktsioon Respekt).<\/p>\n<p>Vene keeleta ei saanud neljap\u00e4evaselgi volikogu istungil.<\/p>\n<p>&#8220;N\u00e4gite ju ise, et volikogu esimees l\u00e4ks vahepeal vene keelele ise \u00fcle. Sest ta pidi kuidagi oma aseesimehele selgitama, mis saalis \u00fcldse toimub. Nii et noh, t\u00e4na sai ikka t\u00f5siselt nalja,&#8221; vahendas istungimuljeid Stalnuhhin saadikur\u00fchmast Narva 2.0.<\/p>\n<p>Narva volikogu esimehe Urbo Vaarmanni (Plaan B Narva) s\u00f5nul viskasid v\u00f5imuliidu esindajad isekeskis nalja, et m\u00f5elda ka ei tohi enam vene keeles. &#8220;Sellep\u00e4rast et niipea, kui sa hakkad m\u00f5tlema&#8230; Noh, minul ei ole see probleem, aga sa oled harjunud mingite inimestega kuidagi suhtlema ja mul tuli \u00fcks v\u00e4ike apsakas sisse. \u00d5nneks volikogu liikmed m\u00e4rkasid seda kohe ja nagu oli kuulda, siis olid kerged muiged n\u00e4ol, eks ole. Aga ei, p\u00fc\u00fcame, pingutame ja tegelikult on volinikud v\u00e4ga h\u00e4sti hakkama saanud,&#8221; r\u00e4\u00e4kis Vaarmann.<\/p>\n<p>Narva volikogus otsitakse lahendust, kuidas v\u00e4iksemate kuludega teha nii, et volikogu veebi\u00fclekanded oleks t\u00f5lgitud vene keelde.<\/p>\n<p>Narva koalitsiooni keskerakondlasest liige Vladimir Aret nentis, et keeruline ei ole mitte volikogu liikmetel, vaid Narva elanikel. &#8220;Kuidas nad saavad k\u00f5ikidest aruteludest aru ja kuidas seda kommunikeerida?&#8221;<\/p>\n<p>Katri Raigi arvestuste kohaselt on 31-liikmelises Narva volikogus vaid kahe saadiku kodukeel eesti keel. Samas on kuus-seitse saadikut, kel on ilma k\u00f5rvalise abita keeruline riigikeelest aru saada ning kelle jaoks volikogu istungid on omamoodi keeletunnid.<\/p>\n","protected":false},"excerpt":{"rendered":"Narva volikogu katsetab taas volikogu t\u00f6\u00f6 muutmist vaid eestikeelseks. Peamiseks k\u00fcsimuseks on volikogu liikmete jaoks see, kuidas lahendada&hellip;\n","protected":false},"author":2,"featured_media":263021,"comment_status":"","ping_status":"","sticky":false,"template":"","format":"standard","meta":{"footnotes":"","_share_on_mastodon":"0"},"categories":[12],"tags":[26,27,37,33,35,34,36,31,32,21,11884,28,29,12331,22317,19,25,23,24,22,13089,20,30],"class_list":["post-263020","post","type-post","status-publish","format-standard","has-post-thumbnail","category-eesti","tag-breaking-news","tag-breakingnews","tag-ee","tag-eesti","tag-eesti-keel","tag-estonia","tag-estonian","tag-featured-news","tag-featurednews","tag-headlines","tag-katri-raik","tag-latest-news","tag-latestnews","tag-mihhail-stalnuhhin","tag-narva-volikogu","tag-news","tag-populaarseimad-lood","tag-top-stories","tag-topstories","tag-uldised-uudised","tag-urbo-vaarmann","tag-uudised","tag-viimased-uudised"],"share_on_mastodon":{"url":"","error":""},"_links":{"self":[{"href":"https:\/\/www.europesays.com\/ee\/wp-json\/wp\/v2\/posts\/263020","targetHints":{"allow":["GET"]}}],"collection":[{"href":"https:\/\/www.europesays.com\/ee\/wp-json\/wp\/v2\/posts"}],"about":[{"href":"https:\/\/www.europesays.com\/ee\/wp-json\/wp\/v2\/types\/post"}],"author":[{"embeddable":true,"href":"https:\/\/www.europesays.com\/ee\/wp-json\/wp\/v2\/users\/2"}],"replies":[{"embeddable":true,"href":"https:\/\/www.europesays.com\/ee\/wp-json\/wp\/v2\/comments?post=263020"}],"version-history":[{"count":0,"href":"https:\/\/www.europesays.com\/ee\/wp-json\/wp\/v2\/posts\/263020\/revisions"}],"wp:featuredmedia":[{"embeddable":true,"href":"https:\/\/www.europesays.com\/ee\/wp-json\/wp\/v2\/media\/263021"}],"wp:attachment":[{"href":"https:\/\/www.europesays.com\/ee\/wp-json\/wp\/v2\/media?parent=263020"}],"wp:term":[{"taxonomy":"category","embeddable":true,"href":"https:\/\/www.europesays.com\/ee\/wp-json\/wp\/v2\/categories?post=263020"},{"taxonomy":"post_tag","embeddable":true,"href":"https:\/\/www.europesays.com\/ee\/wp-json\/wp\/v2\/tags?post=263020"}],"curies":[{"name":"wp","href":"https:\/\/api.w.org\/{rel}","templated":true}]}}