{"id":263040,"date":"2026-08-28T12:16:12","date_gmt":"2026-08-28T12:16:12","guid":{"rendered":"https:\/\/www.europesays.com\/ee\/263040\/"},"modified":"2026-08-28T12:16:12","modified_gmt":"2026-08-28T12:16:12","slug":"kaju-venemaal-on-keeruline-tagada-oma-strateegiliste-objektide-kaitset-valismaa","status":"publish","type":"post","link":"https:\/\/www.europesays.com\/ee\/263040\/","title":{"rendered":"Kaju: Venemaal on keeruline tagada oma strateegiliste objektide kaitset | V\u00e4lismaa"},"content":{"rendered":"<p>Uue Venemaa dekreetiga on strateegiliselt oluliste objektide kaitsmise kohustus delegeeritud. See aga n\u00e4itab, et Venemaal on keeruline tagada oma strateegiliste objektide kaitset,\u00fctles kaitseministeeriumi kaitsevalmiduse osakonna juhataja Gert Kaju.<\/p>\n<p>M\u00f6\u00f6dunud n\u00e4dalal j\u00e4tkas Venemaa kaugmaa l\u00f6\u00f6kidega, r\u00fcnnates taaskord strateegilistelt kriitilist tsiviiltaristut. L\u00f6\u00f6ke said umbes 15 Ukraina oblastit ja nende r\u00fcnnakute tulemusena tekkinud purustuste k\u00e4igus oli ka hulgaliselt voolukatkestusi.<\/p>\n<p>Venemaa j\u00e4tkas ka Ukraina sadamate ja raudteetaristu ning ka maismaa\u00fchenduste r\u00fcndamist, et sealtkaudu takistada Ukraina kaupade eksporti.<\/p>\n<p>Ukraina ise on alates augusti algusest teostanud keskmaa l\u00f6\u00f6ke rohkem kui 250 energiataristu objektile Venemaale ja okupeeritud territooriumile.<\/p>\n<p>&#8220;Kui me toome n\u00e4iteks Krimmi piirkonna, siis nii maismaa- kui ka mere\u00fchendused on pidevalt ohustatud. Kaubaliiklus maismaakoridori kaudu Krimmi on v\u00e4henenud umbes seitsek\u00fcmmend protsenti ja meritsi parvlaeva \u00fchendus on katkenud,&#8221; selgitas Kaju.<\/p>\n<p>Lisaks on poolsaarel r\u00fcnnakute tulemusena elektrikasutamise piirangud. Kuna Ukraina l\u00f6\u00f6gid on Venemaal tabanud ennek\u00f5ike nafta- ja gaasit\u00f6\u00f6tlemistehaseid, siis on ka Venemaal olulised k\u00fctuse kasutamise piirangud, seda ka Moskvas.<\/p>\n<p>Kaju s\u00f5nas ka, et lisaks sellistele sihtm\u00e4rkidele on Ukraina kaugr\u00fcnnakutega keskendunud ka e-kaubandusplatvormide ladusid, n\u00e4iteks Wildberries ja Ozon.<\/p>\n<p>&#8220;Selle tulemusena anti Kremli poolt v\u00e4lja dekreet, mille kohaselt strateegiliste objektide nimistut on laiendatud ka n\u00e4iteks logistikaga seotud taristule. Dekreediga \u00f6eldakse, et juhul kui erasektor ei suuda oma taristut kaitsta \u00f5hur\u00fcnnakute v\u00f5i muude r\u00fcnnakute eest, siis on neil [riigil] \u00f5igus v\u00f5tta selle taristu kaitsmine enda kontrolli alla.&#8221;<\/p>\n<p>Kaju s\u00f5nul tekitas dekreet tugevat vastukaja majandusringkondades, mille t\u00f5ttu Kreml pidi t\u00e4psustama, et tegemist ei ole natsionaliseerimisega.<\/p>\n<p>&#8220;Tegelikult t\u00e4hendab see, et oma objektide kaitsmise kohustus on delegeeritud erasektorile olukorras, kus see on varasemalt olnud v\u00e4ga rangelt riigi relvaj\u00f5udude \u00fclesanne,&#8221; leidis Kaju.<\/p>\n<p>M\u00f6\u00f6dunud n\u00e4dalal toimus Ukrainas \u00f6\u00f6p\u00e4evas keskeltl\u00e4bi 224 kokkup\u00f5rget, mida on pisut v\u00e4hem v\u00f5rreldes eelmise n\u00e4dalaga. Endiselt\u00a0 on lahingutegevus k\u00f5ige intensiivsem Donetski oblastis Pokrovski ja Kostjant\u00f5nivka suunal. Venemaa kaotused on j\u00e4\u00e4nud 1400 s\u00f5duri juurde p\u00e4evas.<\/p>\n<p>Praegusteks r\u00fcnnakuteks pole aga Vene poolel piisavalt v\u00e4rskeid \u00fcksuseid.<\/p>\n<p>&#8220;Joonistub v\u00e4lja olukord, kus Venemaa r\u00fcnnakule minevad \u00fcksused on pigem alakomplekteeritud ja selleks, et seda puuduj\u00e4\u00e4ki kompenseerida, t\u00e4iendatakse neid rindel olevaid \u00fcksusi teiste \u00fcksuste arvelt, mis paiknevad kas kaugemal tagalas v\u00f5i on kuskil mujal v\u00e4lja\u00f5ppel,&#8221; s\u00f5nas Kaju.<\/p>\n","protected":false},"excerpt":{"rendered":"Uue Venemaa dekreetiga on strateegiliselt oluliste objektide kaitsmise kohustus delegeeritud. See aga n\u00e4itab, et Venemaal on keeruline tagada&hellip;\n","protected":false},"author":2,"featured_media":263041,"comment_status":"","ping_status":"","sticky":false,"template":"","format":"standard","meta":{"footnotes":"","_share_on_mastodon":"0"},"categories":[80],"tags":[26,27,101946,37,33,35,34,36,31,32,4499,21,1152,28,29,95,19,97152,25,23,24,262,124,22,20,96,30,92644,92,93,94],"class_list":["post-263040","post","type-post","status-publish","format-standard","has-post-thumbnail","category-maailm","tag-breaking-news","tag-breakingnews","tag-dekreet","tag-ee","tag-eesti","tag-eesti-keel","tag-estonia","tag-estonian","tag-featured-news","tag-featurednews","tag-gert-kaju","tag-headlines","tag-kaitseministeerium","tag-latest-news","tag-latestnews","tag-maailm","tag-news","tag-ozon","tag-populaarseimad-lood","tag-top-stories","tag-topstories","tag-ukraina","tag-ukraina-soda","tag-uldised-uudised","tag-uudised","tag-venemaa","tag-viimased-uudised","tag-wildberries","tag-world","tag-world-news","tag-worldnews"],"share_on_mastodon":{"url":"https:\/\/pubeurope.com\/@ee\/117173091513068446","error":""},"_links":{"self":[{"href":"https:\/\/www.europesays.com\/ee\/wp-json\/wp\/v2\/posts\/263040","targetHints":{"allow":["GET"]}}],"collection":[{"href":"https:\/\/www.europesays.com\/ee\/wp-json\/wp\/v2\/posts"}],"about":[{"href":"https:\/\/www.europesays.com\/ee\/wp-json\/wp\/v2\/types\/post"}],"author":[{"embeddable":true,"href":"https:\/\/www.europesays.com\/ee\/wp-json\/wp\/v2\/users\/2"}],"replies":[{"embeddable":true,"href":"https:\/\/www.europesays.com\/ee\/wp-json\/wp\/v2\/comments?post=263040"}],"version-history":[{"count":0,"href":"https:\/\/www.europesays.com\/ee\/wp-json\/wp\/v2\/posts\/263040\/revisions"}],"wp:featuredmedia":[{"embeddable":true,"href":"https:\/\/www.europesays.com\/ee\/wp-json\/wp\/v2\/media\/263041"}],"wp:attachment":[{"href":"https:\/\/www.europesays.com\/ee\/wp-json\/wp\/v2\/media?parent=263040"}],"wp:term":[{"taxonomy":"category","embeddable":true,"href":"https:\/\/www.europesays.com\/ee\/wp-json\/wp\/v2\/categories?post=263040"},{"taxonomy":"post_tag","embeddable":true,"href":"https:\/\/www.europesays.com\/ee\/wp-json\/wp\/v2\/tags?post=263040"}],"curies":[{"name":"wp","href":"https:\/\/api.w.org\/{rel}","templated":true}]}}