{"id":263058,"date":"2026-08-28T12:35:10","date_gmt":"2026-08-28T12:35:10","guid":{"rendered":"https:\/\/www.europesays.com\/ee\/263058\/"},"modified":"2026-08-28T12:35:10","modified_gmt":"2026-08-28T12:35:10","slug":"voistkondlik-mooduvott-birgit-sarrap-asub-juhtima-etv-saadet-suur-muusikamang","status":"publish","type":"post","link":"https:\/\/www.europesays.com\/ee\/263058\/","title":{"rendered":"V\u00f5istkondlik m\u00f5\u00f5duv\u00f5tt! Birgit Sarrap asub juhtima ETV saadet \u201eSuur muusikam\u00e4ng\u201c"},"content":{"rendered":"<p>ETV tuumikprogrammis j\u00e4tkavad sel hooajal k\u00f5ik vaatajate lemmikud. Neile lisaks pakuvad m\u00f5tteainet ja kaasaelamislusti mitmed uued saated.<\/p>\n<p>Oktoobri alguses k\u00e4ivitub ETVs selle s\u00fcgise suur muusikaline m\u00f5\u00f5duv\u00f5tt \u201eSuur muusikam\u00e4ng\u201c, kus k\u00f5lavad tuntud ja v\u00e4hem tuntud p\u00e4rlid Eesti muusikamaastikult. Iga noot v\u00f5ib olla vihje ja iga k\u00fcsimus sisaldada \u00fcllatust. <\/p>\n<p>Stuudios astuvad vastastikku v\u00f5istkonnad, kuid ka televaatajad saavad kodudes kaasa m\u00e4ngida. <\/p>\n<p>Muusikalist v\u00f5istlussaadet \u201eSuur muusikam\u00e4ng\u201c juhib Birgit Sarrap.<\/p>\n<p>Birgit sai tuntuks 2007. aastal TV3 saate \u201eEesti otsib superstaari\u201c esimese hooaja v\u00f5itjana. Aastate jooksul on ta andnud v\u00e4lja mitu albumit ning ta esindas Eestit 2013. aastal Eurovisionil looga \u201eEt uus saaks alguse\u201c. Birgit on kaasa l\u00f6\u00f6nud mitmetes telesaadetes osalisena, sealhulgas meelelahutuslikes saadetes \u201eTantsud t\u00e4htedega\u201c ja \u201eSu n\u00e4gu k\u00f5lab tuttavalt\u201c. <\/p>\n<p>Kuidas see lugu Sind end tundma pani?Saada<a href=\"https:\/\/kroonika.delfi.ee\/artikkel\/120606739\/voistkondlik-mooduvott-birgit-sarrap-asub-juhtima-etv-saadet-suur-muusikamang\/kommentaarid\" class=\"button button--primary button--size-auto article-body-bottom__comment article-body-bottom__comment--write\" style=\"\" rel=\"nofollow noopener\" target=\"_blank\">Kommenteeri<\/a><a href=\"https:\/\/kroonika.delfi.ee\/artikkel\/120606739\/voistkondlik-mooduvott-birgit-sarrap-asub-juhtima-etv-saadet-suur-muusikamang\/kommentaarid\" class=\"button button--size-auto article-body-bottom__comment article-body-bottom__comment--read\" style=\"\" rel=\"nofollow noopener\" target=\"_blank\">Loe kommentaare (1)<\/a><\/p>\n","protected":false},"excerpt":{"rendered":"ETV tuumikprogrammis j\u00e4tkavad sel hooajal k\u00f5ik vaatajate lemmikud. Neile lisaks pakuvad m\u00f5tteainet ja kaasaelamislusti mitmed uued saated. Oktoobri&hellip;\n","protected":false},"author":2,"featured_media":263059,"comment_status":"","ping_status":"","sticky":false,"template":"","format":"standard","meta":{"footnotes":"","_share_on_mastodon":"0"},"categories":[16],"tags":[868,37,33,35,173,34,36,258,140],"class_list":["post-263058","post","type-post","status-publish","format-standard","has-post-thumbnail","category-meelelahutus","tag-birgit-sarrap","tag-ee","tag-eesti","tag-eesti-keel","tag-entertainment","tag-estonia","tag-estonian","tag-etv","tag-meelelahutus"],"share_on_mastodon":{"url":"https:\/\/pubeurope.com\/@ee\/117173166034341289","error":""},"_links":{"self":[{"href":"https:\/\/www.europesays.com\/ee\/wp-json\/wp\/v2\/posts\/263058","targetHints":{"allow":["GET"]}}],"collection":[{"href":"https:\/\/www.europesays.com\/ee\/wp-json\/wp\/v2\/posts"}],"about":[{"href":"https:\/\/www.europesays.com\/ee\/wp-json\/wp\/v2\/types\/post"}],"author":[{"embeddable":true,"href":"https:\/\/www.europesays.com\/ee\/wp-json\/wp\/v2\/users\/2"}],"replies":[{"embeddable":true,"href":"https:\/\/www.europesays.com\/ee\/wp-json\/wp\/v2\/comments?post=263058"}],"version-history":[{"count":0,"href":"https:\/\/www.europesays.com\/ee\/wp-json\/wp\/v2\/posts\/263058\/revisions"}],"wp:featuredmedia":[{"embeddable":true,"href":"https:\/\/www.europesays.com\/ee\/wp-json\/wp\/v2\/media\/263059"}],"wp:attachment":[{"href":"https:\/\/www.europesays.com\/ee\/wp-json\/wp\/v2\/media?parent=263058"}],"wp:term":[{"taxonomy":"category","embeddable":true,"href":"https:\/\/www.europesays.com\/ee\/wp-json\/wp\/v2\/categories?post=263058"},{"taxonomy":"post_tag","embeddable":true,"href":"https:\/\/www.europesays.com\/ee\/wp-json\/wp\/v2\/tags?post=263058"}],"curies":[{"name":"wp","href":"https:\/\/api.w.org\/{rel}","templated":true}]}}