{"id":263062,"date":"2026-08-28T12:37:11","date_gmt":"2026-08-28T12:37:11","guid":{"rendered":"https:\/\/www.europesays.com\/ee\/263062\/"},"modified":"2026-08-28T12:37:11","modified_gmt":"2026-08-28T12:37:11","slug":"politsei-otsib-viljandimaal-kadunud-17-aastast-angelat","status":"publish","type":"post","link":"https:\/\/www.europesays.com\/ee\/263062\/","title":{"rendered":"Politsei otsib Viljandimaal kadunud 17-aastast Angelat"},"content":{"rendered":"<p class=\"x_MsoNormal\">Politseinikud on suhelnud Angela l\u00e4hedastega ja kontrollinud tema v\u00f5imalikke viibimiskohti, kuid seni pole \u00f5nnestunud t\u00fcdrukut leida ega temaga \u00fchendust saada.<\/p>\n<p class=\"x_MsoNormal\">Angela on 165 cm pikk ning tal on pikemad punased juuksed. T\u00fcdrukul v\u00f5ivad jalas olla tumedamad p\u00fcksid, t-s\u00e4rk ja dressipluus.<\/p>\n<p class=\"x_MsoNormal\">Palume k\u00f5igil, kes on Angelat n\u00e4inud v\u00f5i teavad tema asukohta, v\u00f5tta \u00fchendust h\u00e4irekeskusega telefonil 112.<\/p>\n<p><a href=\"https:\/\/www.delfi.ee\/artikkel\/120606829\/politsei-otsib-viljandimaal-kadunud-17-aastast-angelat\/kommentaarid\" class=\"button button--primary button--size-auto article-body-bottom__comment article-body-bottom__comment--write\" style=\"\" rel=\"nofollow noopener\" target=\"_blank\">Kommenteeri<\/a><a href=\"https:\/\/www.delfi.ee\/artikkel\/120606829\/politsei-otsib-viljandimaal-kadunud-17-aastast-angelat\/kommentaarid\" class=\"button button--size-auto article-body-bottom__comment article-body-bottom__comment--read\" style=\"\" rel=\"nofollow noopener\" target=\"_blank\">Loe kommentaare <\/a><\/p>\n","protected":false},"excerpt":{"rendered":"Politseinikud on suhelnud Angela l\u00e4hedastega ja kontrollinud tema v\u00f5imalikke viibimiskohti, kuid seni pole \u00f5nnestunud t\u00fcdrukut leida ega temaga&hellip;\n","protected":false},"author":2,"featured_media":263063,"comment_status":"","ping_status":"","sticky":false,"template":"","format":"standard","meta":{"footnotes":"","_share_on_mastodon":"0"},"categories":[14],"tags":[131,130,37,33,35,34,36,1918],"class_list":["post-263062","post","type-post","status-publish","format-standard","has-post-thumbnail","category-ari","tag-ari","tag-business","tag-ee","tag-eesti","tag-eesti-keel","tag-estonia","tag-estonian","tag-kadunud"],"share_on_mastodon":{"url":"https:\/\/pubeurope.com\/@ee\/117173173999661358","error":""},"_links":{"self":[{"href":"https:\/\/www.europesays.com\/ee\/wp-json\/wp\/v2\/posts\/263062","targetHints":{"allow":["GET"]}}],"collection":[{"href":"https:\/\/www.europesays.com\/ee\/wp-json\/wp\/v2\/posts"}],"about":[{"href":"https:\/\/www.europesays.com\/ee\/wp-json\/wp\/v2\/types\/post"}],"author":[{"embeddable":true,"href":"https:\/\/www.europesays.com\/ee\/wp-json\/wp\/v2\/users\/2"}],"replies":[{"embeddable":true,"href":"https:\/\/www.europesays.com\/ee\/wp-json\/wp\/v2\/comments?post=263062"}],"version-history":[{"count":0,"href":"https:\/\/www.europesays.com\/ee\/wp-json\/wp\/v2\/posts\/263062\/revisions"}],"wp:featuredmedia":[{"embeddable":true,"href":"https:\/\/www.europesays.com\/ee\/wp-json\/wp\/v2\/media\/263063"}],"wp:attachment":[{"href":"https:\/\/www.europesays.com\/ee\/wp-json\/wp\/v2\/media?parent=263062"}],"wp:term":[{"taxonomy":"category","embeddable":true,"href":"https:\/\/www.europesays.com\/ee\/wp-json\/wp\/v2\/categories?post=263062"},{"taxonomy":"post_tag","embeddable":true,"href":"https:\/\/www.europesays.com\/ee\/wp-json\/wp\/v2\/tags?post=263062"}],"curies":[{"name":"wp","href":"https:\/\/api.w.org\/{rel}","templated":true}]}}