{"id":263068,"date":"2026-08-28T12:40:15","date_gmt":"2026-08-28T12:40:15","guid":{"rendered":"https:\/\/www.europesays.com\/ee\/263068\/"},"modified":"2026-08-28T12:40:15","modified_gmt":"2026-08-28T12:40:15","slug":"analuutik-tundub-et-eelarvepuudujaak-jaab-pusivaks-majandus","status":"publish","type":"post","link":"https:\/\/www.europesays.com\/ee\/263068\/","title":{"rendered":"Anal\u00fc\u00fctik: tundub, et eelarvepuuduj\u00e4\u00e4k j\u00e4\u00e4b p\u00fcsivaks | Majandus"},"content":{"rendered":"<p>N\u00e4ib, et riigieelarve puuduj\u00e4\u00e4k j\u00e4\u00e4b p\u00fcsivaks ehk edaspidi kasvavad nii v\u00f5lakoormus kui ka intressikulud, kuid kui need kerkivad tuludest kiiremini, tuleb sellesse \u00fchel hetkel sekkuda kas uute ja k\u00f5rgemate maksude v\u00f5i kulude v\u00e4hendamise kaudu, \u00fctles LHV anal\u00fc\u00fctik Triinu Tapver rahandusministeeriumi suvist majandusprognoosi kommenteerides.<\/p>\n<p>Tapver \u00fctles ERR-ile, et rahandusministeeriumi v\u00e4rske makroprognoosi baasn\u00e4itajad on k\u00fcllalt sarnased LHV suve keskel uuendatud prognoosile, mille kohaselt on t\u00e4navune majanduskasv 2,2 protsenti, inflatsioon 3,3 protsenti ning tuleval aastal on need n\u00e4itajad vastavalt 2,6 ja 2,5 protsenti, eeldusel, et v\u00e4liskeskkond stabiliseerub.<\/p>\n<p>&#8220;Praegu tegelen suvise prognoosi ja erinevate riskistsenaariumite uuendamisega. \u00dcldjoontes ootan siiski tarbimise ja investeeringute kasvu kiirenemist. Investeeringuid veavad esialgu eelk\u00f5ige riigi kaitse- ja taristuinvesteeringud. Siin tuleb aga teha oluline vahe, sest suur osa kaitseotstarbelisest varustusest ostetakse v\u00e4lismaalt, mist\u00f5ttu j\u00f5uab sellest rahast Eesti majandusse suhteliselt v\u00e4iksem osa,&#8221; s\u00f5nas Tapver.<\/p>\n<p>Ta m\u00e4rkis, et kaitsekulud on eelk\u00f5ige investeering julgeolekusse, mitte tavap\u00e4raste investeeringutega v\u00f5rreldav majandusstiimul. Erasektori investeeringud pole veel selget hoogu sisse saanud, kuid j\u00e4rgmisel aastal v\u00f5iks ka seal n\u00e4ha j\u00e4rkj\u00e4rgulist kasvu.<\/p>\n<p>Tarbimise paranemine peaks toetama riigieelarve tulusid k\u00e4ibemaksu ja aktsiiside kaudu.<\/p>\n<p>&#8220;Selle m\u00f5ju suurust on aga keeruline hinnata. Umbes 85 000 inimest ei ole veel hakanud maksuvaba tulu jooksvalt kasutama ja nende edasine k\u00e4itumine m\u00f5jutab seda, kui suur osa t\u00e4iendavast sissetulekust j\u00f5uab tarbimisse ning sealt edasi maksutuludesse,&#8221; t\u00f5des anal\u00fc\u00fctik.<\/p>\n<p>Rahandusministeerium prognoosib, et 2026. aastal kasvavad tarbimiskulutused sissetulekutest aeglasemalt. Arvestades ka seda, et tulumaksumuudatusest v\u00f5itsid eurodes rohkem k\u00f5rgema palgaga inimesed, v\u00f5ib osa t\u00e4iendavast sissetulekust j\u00f5uda Tapveri hinnangul tarbimise asemel s\u00e4\u00e4studesse v\u00f5i varasemate kohustuste katteks.<\/p>\n<p>&#8220;Seet\u00f5ttu ei saa eeldada, et suurem netosissetulek kandub kohe samas suurusj\u00e4rgus \u00fcle suuremaks tarbimiseks ja maksulaekumiseks,&#8221; \u00fctles ta. &#8220;Siit j\u00f5uame riigieelarve peamise pingekohani. \u00dchelt poolt kasvavad kaitsekulud ja muud p\u00fcsivama iseloomuga v\u00e4ljaminekud, teisalt piiravad eelarvetulude kasvu tulumaksumuudatus ja CO2 heitekvootide m\u00fc\u00fcgitulu langus.&#8221;<\/p>\n<p>Tarbimise paranemine k\u00fcll toetab tarbimismaksude laekumist, kuid sellest ei pruugi Tapveri s\u00f5nul kasvavate kulude tasakaalustamiseks piisata.<\/p>\n<p>&#8220;Hetkel n\u00e4ib, et eelarvepuuduj\u00e4\u00e4k j\u00e4\u00e4b p\u00fcsivaks ehk edaspidi kasvab nii v\u00f5lakoormus kui ka intressikulud. Kui intressikeskkond p\u00fcsib k\u00f5rgem ka edaspidi, siis muutub ka uue v\u00f5la teenindamine kallimaks,&#8221; t\u00f5des LHV anal\u00fc\u00fctik.<\/p>\n<p>Seega v\u00f5ib kokkuv\u00f5ttes oodata majanduse j\u00e4tkuvat paranemist, kuid ka riigieelarve struktuurset pinget. Tapver m\u00e4rkis, et kui kulud ja v\u00f5lakoormus kasvavad tuludest kiiremini, tuleb \u00fchel hetkel sinna sekkuda, olgu selleks kas tulude suurendamine uute v\u00f5i k\u00f5rgemate maksude abil v\u00f5i siis kulude v\u00e4hendamise kaudu.<\/p>\n<p>Tapver juhtis t\u00e4helepanu, et j\u00e4rgnevate aastate kohta on mitmed olulised kuluotsused alles tegemata ja seet\u00f5ttu v\u00f5ib ka eelarve tegelik liikumine t\u00e4nastest prognoosidest m\u00e4rgatavalt erineda.<\/p>\n<p>&#8220;Positiivne on see, et majanduse taastumine, tarbimise paranemine ja erasektori investeeringute oodatav kasv loovad eelarvele varasemast soodsama keskkonna. Kui majanduskasv muutub laiap\u00f5hjalisemaks, paraneb ka maksutulude baas. Ent pikas vaates peaksime suutma paremaid aastaid kasutada piisava eelarvepuhvri taastamiseks enne j\u00e4rgmist majanduslikku tagasil\u00f6\u00f6ki,&#8221; \u00fctles Tapver.<\/p>\n","protected":false},"excerpt":{"rendered":"N\u00e4ib, et riigieelarve puuduj\u00e4\u00e4k j\u00e4\u00e4b p\u00fcsivaks ehk edaspidi kasvavad nii v\u00f5lakoormus kui ka intressikulud, kuid kui need kerkivad&hellip;\n","protected":false},"author":2,"featured_media":263069,"comment_status":"","ping_status":"","sticky":false,"template":"","format":"standard","meta":{"footnotes":"","_share_on_mastodon":"0"},"categories":[5],"tags":[26,27,37,2989,33,35,34,36,31,32,21,28,29,3243,19,25,23,24,22,20,30],"class_list":["post-263068","post","type-post","status-publish","format-standard","has-post-thumbnail","category-uldised-uudised","tag-breaking-news","tag-breakingnews","tag-ee","tag-eelarvepuudujaak","tag-eesti","tag-eesti-keel","tag-estonia","tag-estonian","tag-featured-news","tag-featurednews","tag-headlines","tag-latest-news","tag-latestnews","tag-lhv","tag-news","tag-populaarseimad-lood","tag-top-stories","tag-topstories","tag-uldised-uudised","tag-uudised","tag-viimased-uudised"],"share_on_mastodon":{"url":"https:\/\/pubeurope.com\/@ee\/117173185803288287","error":""},"_links":{"self":[{"href":"https:\/\/www.europesays.com\/ee\/wp-json\/wp\/v2\/posts\/263068","targetHints":{"allow":["GET"]}}],"collection":[{"href":"https:\/\/www.europesays.com\/ee\/wp-json\/wp\/v2\/posts"}],"about":[{"href":"https:\/\/www.europesays.com\/ee\/wp-json\/wp\/v2\/types\/post"}],"author":[{"embeddable":true,"href":"https:\/\/www.europesays.com\/ee\/wp-json\/wp\/v2\/users\/2"}],"replies":[{"embeddable":true,"href":"https:\/\/www.europesays.com\/ee\/wp-json\/wp\/v2\/comments?post=263068"}],"version-history":[{"count":0,"href":"https:\/\/www.europesays.com\/ee\/wp-json\/wp\/v2\/posts\/263068\/revisions"}],"wp:featuredmedia":[{"embeddable":true,"href":"https:\/\/www.europesays.com\/ee\/wp-json\/wp\/v2\/media\/263069"}],"wp:attachment":[{"href":"https:\/\/www.europesays.com\/ee\/wp-json\/wp\/v2\/media?parent=263068"}],"wp:term":[{"taxonomy":"category","embeddable":true,"href":"https:\/\/www.europesays.com\/ee\/wp-json\/wp\/v2\/categories?post=263068"},{"taxonomy":"post_tag","embeddable":true,"href":"https:\/\/www.europesays.com\/ee\/wp-json\/wp\/v2\/tags?post=263068"}],"curies":[{"name":"wp","href":"https:\/\/api.w.org\/{rel}","templated":true}]}}