{"id":263078,"date":"2026-08-28T12:50:24","date_gmt":"2026-08-28T12:50:24","guid":{"rendered":"https:\/\/www.europesays.com\/ee\/263078\/"},"modified":"2026-08-28T12:50:24","modified_gmt":"2026-08-28T12:50:24","slug":"suur-galerii-%e2%9f%a9-vorus-avati-8-miljonit-eurot-maksnud-paikesekujuline-lasteaed","status":"publish","type":"post","link":"https:\/\/www.europesays.com\/ee\/263078\/","title":{"rendered":"SUUR GALERII \u27e9 V\u00f5rus avati 8 miljonit eurot maksnud p\u00e4ikesekujuline lasteaed"},"content":{"rendered":"<p>V\u00f5rus avati reedel lasteaia Punam\u00fctsike uus 8,3 miljonit eurot maksnud hoone. \u00dclalt vaadates kuuekiirelist p\u00e4ikest meenutav \u00fchekorruseline maja kerkis Vilja t\u00e4navale 1975. aastal valminud ja mullu lammutatud vana lasteaiahoone asemele.<\/p>\n<p>Lasteaia direktor Ave Kalk \u00fctles t\u00e4nasel avamisel, et Punam\u00fctsikese perel oli t\u00e4histamiseks kahekordne p\u00f5hjus.<\/p>\n","protected":false},"excerpt":{"rendered":"V\u00f5rus avati reedel lasteaia Punam\u00fctsike uus 8,3 miljonit eurot maksnud hoone. \u00dclalt vaadates kuuekiirelist p\u00e4ikest meenutav \u00fchekorruseline maja&hellip;\n","protected":false},"author":2,"featured_media":263079,"comment_status":"","ping_status":"","sticky":false,"template":"","format":"standard","meta":{"footnotes":"","_share_on_mastodon":"0"},"categories":[12],"tags":[26,27,37,33,35,21845,22138,34,36,590,31,32,101965,21,101964,101961,7854,101966,28476,28,29,101960,10098,19,101963,25,23,24,22,20,30,101967,1298,101962],"class_list":["post-263078","post","type-post","status-publish","format-standard","has-post-thumbnail","category-eesti","tag-breaking-news","tag-breakingnews","tag-ee","tag-eesti","tag-eesti-keel","tag-embach-ehitus","tag-energiatohusus","tag-estonia","tag-estonian","tag-euroopa-liit","tag-featured-news","tag-featurednews","tag-haridushooned","tag-headlines","tag-jussikese-lasteaed","tag-kasvuhoonegaaside-heitkogustega-kauplemise-susteem","tag-kauss-arhitektuur","tag-lasteaed-punamutsike","tag-lasteaia-ehitus","tag-latest-news","tag-latestnews","tag-liginullenergiahoone","tag-linnaplaneerimine","tag-news","tag-nursipalu-harjutusvalja-laiendamine","tag-populaarseimad-lood","tag-top-stories","tag-topstories","tag-uldised-uudised","tag-uudised","tag-viimased-uudised","tag-vilja-tanav","tag-voru","tag-voru-linnavalitsus"],"share_on_mastodon":{"url":"","error":"Validation failed: Text character limit of 500 exceeded"},"_links":{"self":[{"href":"https:\/\/www.europesays.com\/ee\/wp-json\/wp\/v2\/posts\/263078","targetHints":{"allow":["GET"]}}],"collection":[{"href":"https:\/\/www.europesays.com\/ee\/wp-json\/wp\/v2\/posts"}],"about":[{"href":"https:\/\/www.europesays.com\/ee\/wp-json\/wp\/v2\/types\/post"}],"author":[{"embeddable":true,"href":"https:\/\/www.europesays.com\/ee\/wp-json\/wp\/v2\/users\/2"}],"replies":[{"embeddable":true,"href":"https:\/\/www.europesays.com\/ee\/wp-json\/wp\/v2\/comments?post=263078"}],"version-history":[{"count":0,"href":"https:\/\/www.europesays.com\/ee\/wp-json\/wp\/v2\/posts\/263078\/revisions"}],"wp:featuredmedia":[{"embeddable":true,"href":"https:\/\/www.europesays.com\/ee\/wp-json\/wp\/v2\/media\/263079"}],"wp:attachment":[{"href":"https:\/\/www.europesays.com\/ee\/wp-json\/wp\/v2\/media?parent=263078"}],"wp:term":[{"taxonomy":"category","embeddable":true,"href":"https:\/\/www.europesays.com\/ee\/wp-json\/wp\/v2\/categories?post=263078"},{"taxonomy":"post_tag","embeddable":true,"href":"https:\/\/www.europesays.com\/ee\/wp-json\/wp\/v2\/tags?post=263078"}],"curies":[{"name":"wp","href":"https:\/\/api.w.org\/{rel}","templated":true}]}}