{"id":263080,"date":"2026-08-28T12:51:16","date_gmt":"2026-08-28T12:51:16","guid":{"rendered":"https:\/\/www.europesays.com\/ee\/263080\/"},"modified":"2026-08-28T12:51:16","modified_gmt":"2026-08-28T12:51:16","slug":"kristina-kallas-laane-uhiskonnas-on-paigast-vanemliku-ja-opetaja-vastutuse-balanss-eesti","status":"publish","type":"post","link":"https:\/\/www.europesays.com\/ee\/263080\/","title":{"rendered":"Kristina Kallas: l\u00e4\u00e4ne \u00fchiskonnas on paigast vanemliku ja \u00f5petaja vastutuse balanss | Eesti"},"content":{"rendered":"<p>Kallas r\u00e4\u00e4kis Raadio 2 hommikuprogrammis, et kohustus laste ja noorte haridusteed toetada on k\u00f5igil t\u00e4iskasvanutel tervikuna. Tema s\u00f5nul kannavad vastutust lapse kasvatamise eest nii lapsevanemad, \u00f5petajad kui ka kohaliku omavalitsuse, haridus- ja teadusministeeriumi ning tugiteenuste spetsialistid.<\/p>\n<p>&#8220;Meil on t\u00f5esti, mitte ainult Eestis, vaid laiemalt l\u00e4\u00e4ne \u00fchiskonnas balanss paigast \u00e4ra vanemliku vastutuse ja \u00f5petaja vastutuse vahel,&#8221; \u00fctles minister.<\/p>\n<p>Kallas t\u00f5des, et praegu on lapse toetamisega seotud kohustused peamiselt \u00f5petaja kanda.<\/p>\n<p>&#8220;\u00d5petaja peab t\u00e4nap\u00e4eval tagama, et laps on piisava unega, et suuta \u00f5ppet\u00f6\u00f6s kontsentreeruda, et ta toituks korralikult ja k\u00e4ituks tervislikult. Samuti, et ta liiguks piisavalt, et tal ei oleks sotsiaalmeedias\u00f5ltuvust ja ta ei m\u00e4ngiks liiga palju arvutim\u00e4nge. \u00d5petaja peab kontrollima, kas tal on vihikud kaasas ja kehalise kasvatuse riided olemas,&#8221; selgitas Kallas.<\/p>\n<p>Kallas v\u00f5rdles t\u00e4nast olukorda enda kooliajaga, mil selliste probleemide korral kutsuti kooli vanemad ning n\u00f5uti neilt vastutust.<\/p>\n<p>&#8220;T\u00e4nap\u00e4eval on see k\u00f5ik kooli ja \u00f5petaja vastutada. \u00d5petaja on justkui lapsevanem ja \u00f5petaja \u00fches ametis. See piir on minu jaoks samamoodi paigast \u00e4ra ja lastevanemate ootused \u00f5petajatele ei ole realistlikud,&#8221; s\u00f5nas ta.<\/p>\n<p>Kallase s\u00f5nul on vaja seda piiri nihutada.<\/p>\n<p>&#8220;\u00d5petaja t\u00f6\u00f6 on \u00f5petada lapsele oma ainet, teatud oskusi ja p\u00e4devusi, aga tema \u00fclesanne ei ole 24\/7 vastutada lapse kasvatamise eest,&#8221; s\u00f5nas Kallas.<\/p>\n<p>Eestis on praegu umbes 1600 \u00f5pilast, kes ei tea siiani, millises koolis nad s\u00fcgisel oma haridusteed j\u00e4tkavad. Kallase s\u00f5nul on umbes pooltel neist koolikoht olemas, kuid nad ei ole veel s\u00fcsteemi sisse kantud.<\/p>\n<p>&#8220;Kujutame ette, et neist 800 last \u00fcle Eesti on sellised, kelle vastu mitte keegi t\u00e4iskasvanu ei ole mitte kunagi huvi tundnud. Mitte keegi ei ole tahtnud nendega tegeleda: ei vanemad ega ka teised t\u00e4iskasvanud nende laste \u00fcmber,&#8221; lausus Kallas.<\/p>\n<p>&#8220;T\u00e4na on nad olukorras, kus me k\u00f5ik viskame neid nagu kuuma palli ja otsime, kes on s\u00fc\u00fcdi: kas Tallinna linn, haridus- ja teadusministeerium v\u00f5i haridusminister isiklikult,&#8221; lisas ta.<\/p>\n<p>Kallase s\u00f5nul ei aita s\u00fc\u00fcdlase otsimine olukorda lahendada. &#8220;Me peame \u00fchiskonnana tunnistama, et oleme neid lapsi juba pikemat aega alt vedanud. Praegu on nad meil lihtsalt l\u00f5puks ometi pildis, me r\u00e4\u00e4gime neist ja p\u00fc\u00fcame nendega tegeleda,&#8221; lisas ta.<\/p>\n<p>Kallas: m\u00f5ned lapsed ei tea, et peavad s\u00fcgisel kooli minema<\/p>\n<p>Kallas r\u00f5hutas, et kohaliku omavalitsuse \u00fclesanne on teha kindlaks ja leida \u00fcles need lapsed, kes ei tea, kuhu nad s\u00fcgisel \u00f5ppima l\u00e4hevad.<\/p>\n<p>&#8220;Huvi p\u00e4rast helistasin eile isiklikult k\u00fcmnesse kohalikku omavalitsusse ja k\u00fcsisin, kas nad on neid lapsi otsinud. Enamus on otsinud. Nad on helistanud ja teavad, kus need lapsed on,&#8221; kinnitas ta.<\/p>\n<p>Kallas t\u00f5i v\u00e4lja mitmed probleemid, mis m\u00f5jutavad koolikohtade v\u00f5imaldamist.<\/p>\n<p>&#8220;N\u00e4iteks on Ukraina lapsed, kelle nimi on nimekirjas, kuid telefonik\u00f5nele vastates \u00f6eldakse, et nad on Ukrainas ning pole kindel, kas nad tulevad tagasi,&#8221; t\u00f5des ta.<\/p>\n<p>Samas on Kallase s\u00f5nul lapsi, keda ei ole \u00f5nnestunud \u00fcldse k\u00e4tte saada ning ka neid, kes telefonik\u00f5nele vastavad, kuid ei ole teadlikud, et nad peavad s\u00fcgisel \u00fcldse kooli minema.<\/p>\n<p>&#8220;N\u00e4iteks \u00fches v\u00e4iksemas linnas on linnavalitsus \u00f6elnud, et tulge homme meie juurde ja arutame koos l\u00e4bi, millised on lapse soovid ja hinded ning kuidas ta saaks edasi \u00f5ppima minna,&#8221; \u00fctles Kallas.<\/p>\n<p>Tema s\u00f5nul on nende laste puhul tulnud ette v\u00e4ga erinevaid juhtumeid ning esmakordselt nende lastega p\u00e4riselt tegeletakse.<\/p>\n<p>&#8220;J\u00e4rgmise aasta \u00f5ppetund on v\u00f5ib-olla see, et enne, kui me lastele p\u00f5hikooli l\u00f5pudiplomid k\u00e4tte anname ja nad teele saadame, tuleks j\u00e4lgida, kas laps on \u00fcldse esitanud kuhugi edasi\u00f5ppimise avalduse,&#8221; s\u00f5nas Kallas.<\/p>\n<p>Kallas r\u00f5hutas, et t\u00e4iskasvanud peaksid laste tulevikuplaanidel rohkem silma peal hoidma, sest paljud v\u00f5ivad olla oma tulevikuvalikute suhtes segaduses. Tema s\u00f5nul leidub ka lapsi, kellelt polegi kunagi k\u00fcsitud, mida ta edasi teha soovib.<\/p>\n<p>&#8220;Karj\u00e4\u00e4rin\u00f5ustamist ja laste tuleviku \u00fcle arutamist peaksime tegema juba p\u00f5hikoolis, mitte alles siis, kui nad on kooliuksest v\u00e4lja l\u00e4inud ja hakkame neid p\u00e4rast suvevaheaega s\u00fcgisel taga otsima,&#8221; t\u00f5des Kallas.<\/p>\n","protected":false},"excerpt":{"rendered":"Kallas r\u00e4\u00e4kis Raadio 2 hommikuprogrammis, et kohustus laste ja noorte haridusteed toetada on k\u00f5igil t\u00e4iskasvanutel tervikuna. Tema s\u00f5nul&hellip;\n","protected":false},"author":2,"featured_media":263081,"comment_status":"","ping_status":"","sticky":false,"template":"","format":"standard","meta":{"footnotes":"","_share_on_mastodon":"0"},"categories":[5],"tags":[26,27,37,33,35,34,36,31,32,3932,21,412,648,28,29,19,25,23,24,22,20,101968,30],"class_list":["post-263080","post","type-post","status-publish","format-standard","has-post-thumbnail","category-uldised-uudised","tag-breaking-news","tag-breakingnews","tag-ee","tag-eesti","tag-eesti-keel","tag-estonia","tag-estonian","tag-featured-news","tag-featurednews","tag-haridus-ja-teadusministeerium","tag-headlines","tag-koolikohad","tag-kristina-kallas","tag-latest-news","tag-latestnews","tag-news","tag-populaarseimad-lood","tag-top-stories","tag-topstories","tag-uldised-uudised","tag-uudised","tag-vanema-ja-opetaja-vastutus","tag-viimased-uudised"],"share_on_mastodon":{"url":"https:\/\/pubeurope.com\/@ee\/117173229181149886","error":""},"_links":{"self":[{"href":"https:\/\/www.europesays.com\/ee\/wp-json\/wp\/v2\/posts\/263080","targetHints":{"allow":["GET"]}}],"collection":[{"href":"https:\/\/www.europesays.com\/ee\/wp-json\/wp\/v2\/posts"}],"about":[{"href":"https:\/\/www.europesays.com\/ee\/wp-json\/wp\/v2\/types\/post"}],"author":[{"embeddable":true,"href":"https:\/\/www.europesays.com\/ee\/wp-json\/wp\/v2\/users\/2"}],"replies":[{"embeddable":true,"href":"https:\/\/www.europesays.com\/ee\/wp-json\/wp\/v2\/comments?post=263080"}],"version-history":[{"count":0,"href":"https:\/\/www.europesays.com\/ee\/wp-json\/wp\/v2\/posts\/263080\/revisions"}],"wp:featuredmedia":[{"embeddable":true,"href":"https:\/\/www.europesays.com\/ee\/wp-json\/wp\/v2\/media\/263081"}],"wp:attachment":[{"href":"https:\/\/www.europesays.com\/ee\/wp-json\/wp\/v2\/media?parent=263080"}],"wp:term":[{"taxonomy":"category","embeddable":true,"href":"https:\/\/www.europesays.com\/ee\/wp-json\/wp\/v2\/categories?post=263080"},{"taxonomy":"post_tag","embeddable":true,"href":"https:\/\/www.europesays.com\/ee\/wp-json\/wp\/v2\/tags?post=263080"}],"curies":[{"name":"wp","href":"https:\/\/api.w.org\/{rel}","templated":true}]}}