{"id":263082,"date":"2026-08-28T12:57:21","date_gmt":"2026-08-28T12:57:21","guid":{"rendered":"https:\/\/www.europesays.com\/ee\/263082\/"},"modified":"2026-08-28T12:57:21","modified_gmt":"2026-08-28T12:57:21","slug":"station-narva-%e2%9f%a9-piirilinna-oma-festival-sunnib-koos-kogukonnaga","status":"publish","type":"post","link":"https:\/\/www.europesays.com\/ee\/263082\/","title":{"rendered":"STATION NARVA \u27e9 Piirilinna oma festival s\u00fcnnib koos kogukonnaga"},"content":{"rendered":"<p>Station Narva toimub t\u00e4navu juba \u00fcheksandat korda, tuues 3. &#8211; 6. septembrini Kreenholmi ja teistesse Narva paikadesse muusika, kunsti ja arutelud. Station Narva kommunikatsioonijuhi Ingrid Kohtla s\u00f5nul, on festivalist t\u00e4naseks v\u00e4lja kujunenud midagi enamat kui lihtsalt kontserdi\u00fcritus.<\/p>\n<p data-question=\"\">Kuidas erineb t\u00e4navune Station Narva eelmiste aastate festivalist?<\/p>\n","protected":false},"excerpt":{"rendered":"Station Narva toimub t\u00e4navu juba \u00fcheksandat korda, tuues 3. &#8211; 6. septembrini Kreenholmi ja teistesse Narva paikadesse muusika,&hellip;\n","protected":false},"author":2,"featured_media":263083,"comment_status":"","ping_status":"","sticky":false,"template":"","format":"standard","meta":{"footnotes":"","_share_on_mastodon":"0"},"categories":[16],"tags":[101969,101971,37,33,35,173,34,36,112,2522,19799,101970,140,2521,12167,101972,31812],"class_list":["post-263082","post","type-post","status-publish","format-standard","has-post-thumbnail","category-meelelahutus","tag-bazar","tag-boringnarva","tag-ee","tag-eesti","tag-eesti-keel","tag-entertainment","tag-estonia","tag-estonian","tag-euroopa","tag-ida-virumaa","tag-kreenholm","tag-kreenholmi-diretorivilla","tag-meelelahutus","tag-narva","tag-narva-kunstiresidentuur","tag-ro-ro-klubi","tag-station-narva"],"share_on_mastodon":{"url":"https:\/\/pubeurope.com\/@ee\/117173252808999009","error":""},"_links":{"self":[{"href":"https:\/\/www.europesays.com\/ee\/wp-json\/wp\/v2\/posts\/263082","targetHints":{"allow":["GET"]}}],"collection":[{"href":"https:\/\/www.europesays.com\/ee\/wp-json\/wp\/v2\/posts"}],"about":[{"href":"https:\/\/www.europesays.com\/ee\/wp-json\/wp\/v2\/types\/post"}],"author":[{"embeddable":true,"href":"https:\/\/www.europesays.com\/ee\/wp-json\/wp\/v2\/users\/2"}],"replies":[{"embeddable":true,"href":"https:\/\/www.europesays.com\/ee\/wp-json\/wp\/v2\/comments?post=263082"}],"version-history":[{"count":0,"href":"https:\/\/www.europesays.com\/ee\/wp-json\/wp\/v2\/posts\/263082\/revisions"}],"wp:featuredmedia":[{"embeddable":true,"href":"https:\/\/www.europesays.com\/ee\/wp-json\/wp\/v2\/media\/263083"}],"wp:attachment":[{"href":"https:\/\/www.europesays.com\/ee\/wp-json\/wp\/v2\/media?parent=263082"}],"wp:term":[{"taxonomy":"category","embeddable":true,"href":"https:\/\/www.europesays.com\/ee\/wp-json\/wp\/v2\/categories?post=263082"},{"taxonomy":"post_tag","embeddable":true,"href":"https:\/\/www.europesays.com\/ee\/wp-json\/wp\/v2\/tags?post=263082"}],"curies":[{"name":"wp","href":"https:\/\/api.w.org\/{rel}","templated":true}]}}