{"id":263106,"date":"2026-08-28T13:20:09","date_gmt":"2026-08-28T13:20:09","guid":{"rendered":"https:\/\/www.europesays.com\/ee\/263106\/"},"modified":"2026-08-28T13:20:09","modified_gmt":"2026-08-28T13:20:09","slug":"liin-jatkub-miami-uueks-peatreeneriks-sai-messi-endine-koondisekaaslane-soccernet-ee","status":"publish","type":"post","link":"https:\/\/www.europesays.com\/ee\/263106\/","title":{"rendered":"Liin j\u00e4tkub: Miami uueks peatreeneriks sai Messi endine koondisekaaslane &#8211; Soccernet.ee"},"content":{"rendered":"<p><img decoding=\"async\" src=\"https:\/\/www.europesays.com\/ee\/wp-content\/uploads\/2026\/08\/1787913103.jpg\" alt=\"Lionel Messi hakkab m\u00e4ngima uue, aga tuttava peatreeneri k\u00e4e all. Foto: Scanpix \/ Leonardo Fernandez \/ Getty Images\"\/>&#13;\n<\/p>\n<p>USA k\u00f5rgliigas MLS-is idakonverentsi teist kohta hoidev Miami Inter nimetas uueks peatreeneriks Cristian &#8220;Kily&#8221; Gonzalezi, kes jagas paark\u00fcmmend aastat tagasi Lionel Messiga Argentina koondises v\u00e4ljakut.<\/p>\n<p>Aprillis taandus Interi peatreeneri kohalt Messi kunagine klubi- ja koondisekaaslane Javier Mascherano, keda on siiani ehk viimases 17 kohtumises asendanud Messi pikaaegne peres\u00f5ber Guillermo Hoyos. 63-aastane Hoyos p\u00fcsib meeskonna t\u00fc\u00fcri juures veel seni, kuniks Gonzalez on saanud k\u00e4tte ametliku t\u00f6\u00f6loa.&#13;\n<\/p>\n<p>K\u00fcll aga ei saa ta meeskonda aidata j\u00e4rgmises kohtumises, sest MLS m\u00e4\u00e4ras talle \u00fchem\u00e4ngulise juhendamiskeelu. Interi treenerile pandi s\u00fc\u00fcks seda, et tema m\u00e4ngijad on korduvalt riietusruumist liiga hilja v\u00e4ljakule j\u00f5udnud ja p\u00f5hjustanud aval\u00f6\u00f6gi edasil\u00fckkamise. Vastavalt reeglitele peab ta n\u00fc\u00fcd laup\u00e4evast kohtumist CF Montrealiga trib\u00fc\u00fcnilt vaatama.&#13;\n<\/p>\n<p>Messi ja Gonzaleze koondisekarj\u00e4\u00e4rid kattuvad vaid servapidi, sest v\u00e4ljakut jagati 2005. aastal vaid kahes MM-valikm\u00e4ngus. Samal aastal oli Messi teinud Argentina A-koondise eest deb\u00fc\u00fcdi, Gonzalezele j\u00e4id need kohtumised aga koondises\u00e4rgis viimasteks. Argentinaga 2004. aastal ol\u00fcmpiav\u00f5itjaks kroonitud 56-kordne internatsionaal esindas 18 aastat kestnud klubikarj\u00e4\u00e4ri jooksul kodumaal Boca Juniorsi, San Lorenzot ja Rosario Centrali, ent m\u00e4ngis aastaid ka Euroopas Interi, Valencia ja Zaragoza Reali s\u00e4rgis, tulles nii Hispaania kui ka Itaalia meistriks.<\/p>\n<p>Samuti j\u00f5udis ta Valenciaga nii 2000. kui ka 2001. aastal Meistrite liiga finaali, kus kaotati siiski esmalt Real Madridile ja seej\u00e4rel M\u00fcncheni Bayernile. Gonzalez viibis m\u00f5lemas finaalis v\u00e4ljakul algusest l\u00f5puni, realiseerides m\u00e4nguj\u00e4rgses penaltiseerias Bayerni vastu oma l\u00f6\u00f6gi, kuid karika t\u00f5stmiseks j\u00e4i sellest v\u00e4heks, sest kolm tema meeskonnakaaslast eksisid.&#13;\n<\/p>\n<p>Treenerina on ta seni olnud ametis vaid Argentinas, kus tema juhendada on olnud Rosario Central, Club Atletico Union ja Club Atletico Platense. Inter j\u00e4\u00e4b idakonverentsi liidrist Nashville&#8217;ist maha juba k\u00fcmne punktiga, edestades ise kolme punktiga l\u00e4himat j\u00e4litajat Chicago Fire&#8217;it. P\u00f5hiturniiril on j\u00e4\u00e4nud pidada veel 13 kohtumist.&#13;\n<\/p>\n<p>Alates 2023. aasta suvest, kui Messi Interiga liitus ja meeskonna kapteniks sai, on k\u00f5ik peatreenerid olnud argentiinlased ning temaga rohkemal v\u00f5i v\u00e4hemal m\u00e4\u00e4ral seotud. Esimesed poolteist aastat juhendas meeskonda Gerardo &#8220;Tata&#8221; Martino, kes oli varem t\u00fc\u00fcrinud nii Barcelonat kui ka Argentina koondist. Seej\u00e4rel v\u00f5ttis ohjad \u00fcle Messiga nii Barcelonas kui ka koondises v\u00e4ljakut jaganud Mascherano, kellele j\u00e4rgnesid Hoyos ja n\u00fc\u00fcd Gonzalez.&#13;\n<\/p>\n<blockquote class=\"twitter-tweet\"><p>&#13;<\/p>\n<p lang=\"es\" dir=\"ltr\">A new era in Miami\ud83c\udf34<a href=\"https:\/\/x.com\/InterMiamiCF?ref_src=twsrc%5Etfw\" rel=\"nofollow\">@InterMiamiCF<\/a> names Cristian \u201cKily\u201d Gonz\u00e1lez as its new leader. <a href=\"https:\/\/t.co\/SWlJfyX7MJ\" rel=\"nofollow\">pic.twitter.com\/SWlJfyX7MJ<\/a>&#13;<br \/>\n\u2014 Major League Soccer (@MLS) <a href=\"https:\/\/x.com\/MLS\/status\/2093127163142660594?ref_src=twsrc%5Etfw\" rel=\"nofollow\">August 28, 2026<\/a><\/p>\n<\/blockquote>\n<p>          <script async src=\"https:\/\/platform.twitter.com\/widgets.js\" charset=\"utf-8\"><\/script><\/p>\n","protected":false},"excerpt":{"rendered":"&#13; USA k\u00f5rgliigas MLS-is idakonverentsi teist kohta hoidev Miami Inter nimetas uueks peatreeneriks Cristian &#8220;Kily&#8221; Gonzalezi, kes jagas&hellip;\n","protected":false},"author":2,"featured_media":263107,"comment_status":"","ping_status":"","sticky":false,"template":"","format":"standard","meta":{"footnotes":"","_share_on_mastodon":"0"},"categories":[18],"tags":[101947,37,33,35,34,36,76228,1820,101976,3767,9212,9156,3768,3766,159,158,325],"class_list":["post-263106","post","type-post","status-publish","format-standard","has-post-thumbnail","category-sport","tag-cristian-gonzalez","tag-ee","tag-eesti","tag-eesti-keel","tag-estonia","tag-estonian","tag-gonzalez","tag-inter","tag-kily-gonzalez","tag-lionel-messi","tag-messi","tag-miami","tag-miami-inter","tag-mls","tag-sport","tag-sports","tag-usa"],"share_on_mastodon":{"url":"https:\/\/pubeurope.com\/@ee\/117173343588316296","error":""},"_links":{"self":[{"href":"https:\/\/www.europesays.com\/ee\/wp-json\/wp\/v2\/posts\/263106","targetHints":{"allow":["GET"]}}],"collection":[{"href":"https:\/\/www.europesays.com\/ee\/wp-json\/wp\/v2\/posts"}],"about":[{"href":"https:\/\/www.europesays.com\/ee\/wp-json\/wp\/v2\/types\/post"}],"author":[{"embeddable":true,"href":"https:\/\/www.europesays.com\/ee\/wp-json\/wp\/v2\/users\/2"}],"replies":[{"embeddable":true,"href":"https:\/\/www.europesays.com\/ee\/wp-json\/wp\/v2\/comments?post=263106"}],"version-history":[{"count":0,"href":"https:\/\/www.europesays.com\/ee\/wp-json\/wp\/v2\/posts\/263106\/revisions"}],"wp:featuredmedia":[{"embeddable":true,"href":"https:\/\/www.europesays.com\/ee\/wp-json\/wp\/v2\/media\/263107"}],"wp:attachment":[{"href":"https:\/\/www.europesays.com\/ee\/wp-json\/wp\/v2\/media?parent=263106"}],"wp:term":[{"taxonomy":"category","embeddable":true,"href":"https:\/\/www.europesays.com\/ee\/wp-json\/wp\/v2\/categories?post=263106"},{"taxonomy":"post_tag","embeddable":true,"href":"https:\/\/www.europesays.com\/ee\/wp-json\/wp\/v2\/tags?post=263106"}],"curies":[{"name":"wp","href":"https:\/\/api.w.org\/{rel}","templated":true}]}}