{"id":263118,"date":"2026-08-28T13:33:28","date_gmt":"2026-08-28T13:33:28","guid":{"rendered":"https:\/\/www.europesays.com\/ee\/263118\/"},"modified":"2026-08-28T13:33:28","modified_gmt":"2026-08-28T13:33:28","slug":"itaalias-on-hundid-runnanud-mone-nadala-sees-viiel-korral-inimesi","status":"publish","type":"post","link":"https:\/\/www.europesays.com\/ee\/263118\/","title":{"rendered":"Itaalias on hundid r\u00fcnnanud m\u00f5ne n\u00e4dala sees viiel korral inimesi"},"content":{"rendered":"<p>            <a href=\"https:\/\/www.europesays.com\/ee\/wp-content\/uploads\/2026\/08\/colin00b-wolf-5271440.jpg\" data-caption=\"Foto: Pixabay\"><img loading=\"lazy\" decoding=\"async\" width=\"1280\" height=\"853\" class=\"entry-thumb td-modal-image\" src=\"https:\/\/www.europesays.com\/ee\/wp-content\/uploads\/2026\/08\/colin00b-wolf-5271440.jpg\"   alt=\"\" title=\"hunt\"\/><\/a>Foto: Pixabay<\/p>\n<p>Augusti kestel on L\u00f5una-Itaalias Apuulia maakonnas r\u00fcnnanud hundid neljal korral inimesi, sealhulgas on kannatada saanud mitu last, kuid asulates on hunte n\u00e4htud hulkumas ka riigi p\u00f5hjaosas ja sealgi langes suvel soe k\u00fc\u00fcsi laps.<\/p>\n<p>Arvatav hunt r\u00fcndas 20. augustil Gallipoli linna l\u00e4histel Punta Pizzos nende majutuskohas kolme turisti, nende seas 52-aastane naine ja tema 12-aastane t\u00fctar, vahendas Postimees. K\u00f5ik kolm kannatanut viidi haiglasse.<\/p>\n<p>Loe l\u00e4hemalt <a href=\"https:\/\/maailm.postimees.ee\/8534630\/itaalias-on-hundid-runnanud-mone-nadala-sees-viiel-korral-inimesi\" target=\"_blank\" rel=\"noopener nofollow\">Postimehest<\/a>.\u00a0<\/p>\n","protected":false},"excerpt":{"rendered":"Foto: Pixabay Augusti kestel on L\u00f5una-Itaalias Apuulia maakonnas r\u00fcnnanud hundid neljal korral inimesi, sealhulgas on kannatada saanud mitu&hellip;\n","protected":false},"author":2,"featured_media":263119,"comment_status":"","ping_status":"","sticky":false,"template":"","format":"standard","meta":{"footnotes":"","_share_on_mastodon":"0"},"categories":[80],"tags":[26,27,37,33,35,34,36,112,31,32,21,9438,3116,109,2832,12492,28,29,95,2835,19,25,23,24,22,20,30,92,93,94],"class_list":["post-263118","post","type-post","status-publish","format-standard","has-post-thumbnail","category-maailm","tag-breaking-news","tag-breakingnews","tag-ee","tag-eesti","tag-eesti-keel","tag-estonia","tag-estonian","tag-euroopa","tag-featured-news","tag-featurednews","tag-headlines","tag-hundirunnak","tag-hunt","tag-itaalia","tag-jahindus","tag-kiskja","tag-latest-news","tag-latestnews","tag-maailm","tag-metsloom","tag-news","tag-populaarseimad-lood","tag-top-stories","tag-topstories","tag-uldised-uudised","tag-uudised","tag-viimased-uudised","tag-world","tag-world-news","tag-worldnews"],"share_on_mastodon":{"url":"https:\/\/pubeurope.com\/@ee\/117173394271491014","error":""},"_links":{"self":[{"href":"https:\/\/www.europesays.com\/ee\/wp-json\/wp\/v2\/posts\/263118","targetHints":{"allow":["GET"]}}],"collection":[{"href":"https:\/\/www.europesays.com\/ee\/wp-json\/wp\/v2\/posts"}],"about":[{"href":"https:\/\/www.europesays.com\/ee\/wp-json\/wp\/v2\/types\/post"}],"author":[{"embeddable":true,"href":"https:\/\/www.europesays.com\/ee\/wp-json\/wp\/v2\/users\/2"}],"replies":[{"embeddable":true,"href":"https:\/\/www.europesays.com\/ee\/wp-json\/wp\/v2\/comments?post=263118"}],"version-history":[{"count":0,"href":"https:\/\/www.europesays.com\/ee\/wp-json\/wp\/v2\/posts\/263118\/revisions"}],"wp:featuredmedia":[{"embeddable":true,"href":"https:\/\/www.europesays.com\/ee\/wp-json\/wp\/v2\/media\/263119"}],"wp:attachment":[{"href":"https:\/\/www.europesays.com\/ee\/wp-json\/wp\/v2\/media?parent=263118"}],"wp:term":[{"taxonomy":"category","embeddable":true,"href":"https:\/\/www.europesays.com\/ee\/wp-json\/wp\/v2\/categories?post=263118"},{"taxonomy":"post_tag","embeddable":true,"href":"https:\/\/www.europesays.com\/ee\/wp-json\/wp\/v2\/tags?post=263118"}],"curies":[{"name":"wp","href":"https:\/\/api.w.org\/{rel}","templated":true}]}}